{"id":2694,"date":"2019-06-30T21:15:11","date_gmt":"2019-06-30T20:15:11","guid":{"rendered":"http:\/\/bcg45.fr\/?p=2694"},"modified":"2019-06-30T21:15:11","modified_gmt":"2019-06-30T20:15:11","slug":"les-vacances-du-bcg","status":"publish","type":"post","link":"https:\/\/bcg45.fr\/index.php\/2019\/06\/30\/les-vacances-du-bcg\/","title":{"rendered":"Les vacances du BCG"},"content":{"rendered":"<p><a href=\"https:\/\/bcg45.fr\/wp-content\/uploads\/2019\/06\/vacances-ete_800x0.jpg\"><img loading=\"lazy\" decoding=\"async\" class=\"alignnone size-medium wp-image-2693\" src=\"https:\/\/bcg45.fr\/wp-content\/uploads\/2019\/06\/vacances-ete_800x0-300x199.jpg\" alt=\"\" width=\"300\" height=\"199\" srcset=\"https:\/\/bcg45.fr\/wp-content\/uploads\/2019\/06\/vacances-ete_800x0-300x199.jpg 300w, https:\/\/bcg45.fr\/wp-content\/uploads\/2019\/06\/vacances-ete_800x0.jpg 425w\" sizes=\"auto, (max-width: 300px) 100vw, 300px\" \/><\/a><\/p>\n<p dir=\"ltr\">\u00a0\u00a0\u00a0\u00a0\u00a0\u00a0\u00a0\u00a0\u00a0\u00a0\u00a0\u00a0\u00a0\u00a0\u00a0\u00a0\u00a0\u00a0\u00a0\u00a0 &#x26f1;&#xfe0f;&#x26f1;&#xfe0f;Les vacances &#x26f1;&#xfe0f;&#x26f1;&#xfe0f;<\/p>\n<p dir=\"ltr\">&#x27a1;&#xfe0f;Cr\u00e9neaux le lundi avec Jimmy Maignan, d\u00e8s 19h et mercredi avec Flavien Richard d\u00e8s 19h pour Gien, vendredi, uniquement sur demande aupr\u00e8s de Jimmy Maignan.<\/p>\n<p dir=\"ltr\">&#x27a1;&#xfe0f;Autry le Ch\u00e2tel reste ouvert le mercredi et vendredi Nathalie et Famille Trouy\u00a0 jusqu&rsquo;\u00e0 la premi\u00e8re semaine d&rsquo;ao\u00fbt.<\/p>\n<p dir=\"ltr\">&#x27a1;&#xfe0f;Nevoy et Poilly ferm\u00e9s.<\/p>\n<p dir=\"ltr\">N&rsquo;h\u00e9sitez pas \u00e0 contacter directement les responsables de cr\u00e9neaux avant de venir au gymnase, car p\u00e9riode estivale oblige des indisponibilit\u00e9s peuvent subvenir.<\/p>\n<p dir=\"ltr\">\u00a0\u00a0\u00a0\u00a0\u00a0\u00a0\u00a0\u00a0\u00a0\u00a0\u00a0\u00a0\u00a0\u00a0\u00a0\u00a0\u00a0\u00a0\u00a0\u00a0\u00a0\u00a0\u00a0\u00a0 &#x1f6b8;&#x1f6b8;&#x1f6b8;&#x1f6b8;&#x1f6b8;&#x1f6b8;&#x1f6b8;<\/p>\n<p dir=\"ltr\">&#x26a0;&#xfe0f;&#x26a0;&#xfe0f;Rendez-vous d\u00e8s le 2 septembre pour la reprise des cours&#x26a0;&#xfe0f;&#x26a0;&#xfe0f;<\/p>\n<p dir=\"ltr\">&#x27a1;&#xfe0f;Stage jeunes programm\u00e9 fin ao\u00fbt by Kevin Gasquez, n&rsquo;h\u00e9sitez pas \u00e0 vous inscrire aupr\u00e8s de jeunes@bcg45.fr<\/p>\n","protected":false},"excerpt":{"rendered":"<p>\u00a0\u00a0\u00a0\u00a0\u00a0\u00a0\u00a0\u00a0\u00a0\u00a0\u00a0\u00a0\u00a0\u00a0\u00a0\u00a0\u00a0\u00a0\u00a0\u00a0 &#x26f1;&#xfe0f;&#x26f1;&#xfe0f;Les vacances &#x26f1;&#xfe0f;&#x26f1;&#xfe0f; &#x27a1;&#xfe0f;Cr\u00e9neaux le lundi avec Jimmy Maignan, d\u00e8s 19h et mercredi avec Flavien Richard d\u00e8s 19h pour Gien, vendredi, uniquement sur demande aupr\u00e8s de Jimmy Maignan. &#x27a1;&#xfe0f;Autry [&hellip;]<\/p>\n","protected":false},"author":12,"featured_media":0,"comment_status":"open","ping_status":"open","sticky":false,"template":"","format":"standard","meta":{"ngg_post_thumbnail":0,"jetpack_post_was_ever_published":false,"_jetpack_newsletter_access":"","_jetpack_dont_email_post_to_subs":false,"_jetpack_newsletter_tier_id":0,"_jetpack_memberships_contains_paywalled_content":false,"_jetpack_memberships_contains_paid_content":false,"footnotes":"","jetpack_publicize_message":"","jetpack_publicize_feature_enabled":true,"jetpack_social_post_already_shared":true,"jetpack_social_options":{"image_generator_settings":{"template":"highway","default_image_id":0,"font":"","enabled":false},"version":2}},"categories":[1],"tags":[],"class_list":{"0":"post-2694","1":"post","2":"type-post","3":"status-publish","4":"format-standard","6":"category-non-classe","7":"czr-hentry"},"yoast_head":"<!-- This site is optimized with the Yoast SEO plugin v26.6 - https:\/\/yoast.com\/wordpress\/plugins\/seo\/ -->\n<title>Les vacances du BCG - Badminton Club de Gien<\/title>\n<meta name=\"robots\" content=\"noindex, follow\" \/>\n<meta property=\"og:locale\" content=\"fr_FR\" \/>\n<meta property=\"og:type\" content=\"article\" \/>\n<meta property=\"og:title\" content=\"Les vacances du BCG - Badminton Club de Gien\" \/>\n<meta property=\"og:description\" content=\"\u00a0\u00a0\u00a0\u00a0\u00a0\u00a0\u00a0\u00a0\u00a0\u00a0\u00a0\u00a0\u00a0\u00a0\u00a0\u00a0\u00a0\u00a0\u00a0\u00a0 &#x26f1;&#xfe0f;&#x26f1;&#xfe0f;Les vacances &#x26f1;&#xfe0f;&#x26f1;&#xfe0f; &#x27a1;&#xfe0f;Cr\u00e9neaux le lundi avec Jimmy Maignan, d\u00e8s 19h et mercredi avec Flavien Richard d\u00e8s 19h pour Gien, vendredi, uniquement sur demande aupr\u00e8s de Jimmy Maignan. &#x27a1;&#xfe0f;Autry [&hellip;]\" \/>\n<meta property=\"og:url\" content=\"https:\/\/bcg45.fr\/index.php\/2019\/06\/30\/les-vacances-du-bcg\/\" \/>\n<meta property=\"og:site_name\" content=\"Badminton Club de Gien\" \/>\n<meta property=\"article:published_time\" content=\"2019-06-30T20:15:11+00:00\" \/>\n<meta property=\"og:image\" content=\"http:\/\/bcg45.fr\/wp-content\/uploads\/2019\/06\/vacances-ete_800x0-300x199.jpg\" \/>\n<meta name=\"author\" content=\"President\" \/>\n<meta name=\"twitter:card\" content=\"summary_large_image\" \/>\n<meta name=\"twitter:label1\" content=\"\u00c9crit par\" \/>\n\t<meta name=\"twitter:data1\" content=\"President\" \/>\n\t<meta name=\"twitter:label2\" content=\"Dur\u00e9e de lecture estim\u00e9e\" \/>\n\t<meta name=\"twitter:data2\" content=\"1 minute\" \/>\n<script type=\"application\/ld+json\" class=\"yoast-schema-graph\">{\"@context\":\"https:\/\/schema.org\",\"@graph\":[{\"@type\":\"WebPage\",\"@id\":\"https:\/\/bcg45.fr\/index.php\/2019\/06\/30\/les-vacances-du-bcg\/\",\"url\":\"https:\/\/bcg45.fr\/index.php\/2019\/06\/30\/les-vacances-du-bcg\/\",\"name\":\"Les vacances du BCG - Badminton Club de Gien\",\"isPartOf\":{\"@id\":\"https:\/\/bcg45.fr\/#website\"},\"primaryImageOfPage\":{\"@id\":\"https:\/\/bcg45.fr\/index.php\/2019\/06\/30\/les-vacances-du-bcg\/#primaryimage\"},\"image\":{\"@id\":\"https:\/\/bcg45.fr\/index.php\/2019\/06\/30\/les-vacances-du-bcg\/#primaryimage\"},\"thumbnailUrl\":\"http:\/\/bcg45.fr\/wp-content\/uploads\/2019\/06\/vacances-ete_800x0-300x199.jpg\",\"datePublished\":\"2019-06-30T20:15:11+00:00\",\"author\":{\"@id\":\"https:\/\/bcg45.fr\/#\/schema\/person\/19aa10e7168f4ae53cb26396060c5b38\"},\"breadcrumb\":{\"@id\":\"https:\/\/bcg45.fr\/index.php\/2019\/06\/30\/les-vacances-du-bcg\/#breadcrumb\"},\"inLanguage\":\"fr-FR\",\"potentialAction\":[{\"@type\":\"ReadAction\",\"target\":[\"https:\/\/bcg45.fr\/index.php\/2019\/06\/30\/les-vacances-du-bcg\/\"]}]},{\"@type\":\"ImageObject\",\"inLanguage\":\"fr-FR\",\"@id\":\"https:\/\/bcg45.fr\/index.php\/2019\/06\/30\/les-vacances-du-bcg\/#primaryimage\",\"url\":\"http:\/\/bcg45.fr\/wp-content\/uploads\/2019\/06\/vacances-ete_800x0-300x199.jpg\",\"contentUrl\":\"http:\/\/bcg45.fr\/wp-content\/uploads\/2019\/06\/vacances-ete_800x0-300x199.jpg\"},{\"@type\":\"BreadcrumbList\",\"@id\":\"https:\/\/bcg45.fr\/index.php\/2019\/06\/30\/les-vacances-du-bcg\/#breadcrumb\",\"itemListElement\":[{\"@type\":\"ListItem\",\"position\":1,\"name\":\"Accueil\",\"item\":\"https:\/\/bcg45.fr\/\"},{\"@type\":\"ListItem\",\"position\":2,\"name\":\"Les vacances du BCG\"}]},{\"@type\":\"WebSite\",\"@id\":\"https:\/\/bcg45.fr\/#website\",\"url\":\"https:\/\/bcg45.fr\/\",\"name\":\"Badminton Club de Gien\",\"description\":\"Badminton Club de Gien\",\"potentialAction\":[{\"@type\":\"SearchAction\",\"target\":{\"@type\":\"EntryPoint\",\"urlTemplate\":\"https:\/\/bcg45.fr\/?s={search_term_string}\"},\"query-input\":{\"@type\":\"PropertyValueSpecification\",\"valueRequired\":true,\"valueName\":\"search_term_string\"}}],\"inLanguage\":\"fr-FR\"},{\"@type\":\"Person\",\"@id\":\"https:\/\/bcg45.fr\/#\/schema\/person\/19aa10e7168f4ae53cb26396060c5b38\",\"name\":\"President\",\"image\":{\"@type\":\"ImageObject\",\"inLanguage\":\"fr-FR\",\"@id\":\"https:\/\/bcg45.fr\/#\/schema\/person\/image\/\",\"url\":\"https:\/\/secure.gravatar.com\/avatar\/5a4a6d8dd68e6cc4657ef35f3fb95e07e0a4e8d4728da29ffdad429585d85362?s=96&d=mm&r=g\",\"contentUrl\":\"https:\/\/secure.gravatar.com\/avatar\/5a4a6d8dd68e6cc4657ef35f3fb95e07e0a4e8d4728da29ffdad429585d85362?s=96&d=mm&r=g\",\"caption\":\"President\"},\"url\":\"https:\/\/bcg45.fr\/index.php\/author\/president\/\"}]}<\/script>\n<!-- \/ Yoast SEO plugin. -->","yoast_head_json":{"title":"Les vacances du BCG - Badminton Club de Gien","robots":{"index":"noindex","follow":"follow"},"og_locale":"fr_FR","og_type":"article","og_title":"Les vacances du BCG - Badminton Club de Gien","og_description":"\u00a0\u00a0\u00a0\u00a0\u00a0\u00a0\u00a0\u00a0\u00a0\u00a0\u00a0\u00a0\u00a0\u00a0\u00a0\u00a0\u00a0\u00a0\u00a0\u00a0 &#x26f1;&#xfe0f;&#x26f1;&#xfe0f;Les vacances &#x26f1;&#xfe0f;&#x26f1;&#xfe0f; &#x27a1;&#xfe0f;Cr\u00e9neaux le lundi avec Jimmy Maignan, d\u00e8s 19h et mercredi avec Flavien Richard d\u00e8s 19h pour Gien, vendredi, uniquement sur demande aupr\u00e8s de Jimmy Maignan. &#x27a1;&#xfe0f;Autry [&hellip;]","og_url":"https:\/\/bcg45.fr\/index.php\/2019\/06\/30\/les-vacances-du-bcg\/","og_site_name":"Badminton Club de Gien","article_published_time":"2019-06-30T20:15:11+00:00","og_image":[{"url":"http:\/\/bcg45.fr\/wp-content\/uploads\/2019\/06\/vacances-ete_800x0-300x199.jpg","type":"","width":"","height":""}],"author":"President","twitter_card":"summary_large_image","twitter_misc":{"\u00c9crit par":"President","Dur\u00e9e de lecture estim\u00e9e":"1 minute"},"schema":{"@context":"https:\/\/schema.org","@graph":[{"@type":"WebPage","@id":"https:\/\/bcg45.fr\/index.php\/2019\/06\/30\/les-vacances-du-bcg\/","url":"https:\/\/bcg45.fr\/index.php\/2019\/06\/30\/les-vacances-du-bcg\/","name":"Les vacances du BCG - Badminton Club de Gien","isPartOf":{"@id":"https:\/\/bcg45.fr\/#website"},"primaryImageOfPage":{"@id":"https:\/\/bcg45.fr\/index.php\/2019\/06\/30\/les-vacances-du-bcg\/#primaryimage"},"image":{"@id":"https:\/\/bcg45.fr\/index.php\/2019\/06\/30\/les-vacances-du-bcg\/#primaryimage"},"thumbnailUrl":"http:\/\/bcg45.fr\/wp-content\/uploads\/2019\/06\/vacances-ete_800x0-300x199.jpg","datePublished":"2019-06-30T20:15:11+00:00","author":{"@id":"https:\/\/bcg45.fr\/#\/schema\/person\/19aa10e7168f4ae53cb26396060c5b38"},"breadcrumb":{"@id":"https:\/\/bcg45.fr\/index.php\/2019\/06\/30\/les-vacances-du-bcg\/#breadcrumb"},"inLanguage":"fr-FR","potentialAction":[{"@type":"ReadAction","target":["https:\/\/bcg45.fr\/index.php\/2019\/06\/30\/les-vacances-du-bcg\/"]}]},{"@type":"ImageObject","inLanguage":"fr-FR","@id":"https:\/\/bcg45.fr\/index.php\/2019\/06\/30\/les-vacances-du-bcg\/#primaryimage","url":"http:\/\/bcg45.fr\/wp-content\/uploads\/2019\/06\/vacances-ete_800x0-300x199.jpg","contentUrl":"http:\/\/bcg45.fr\/wp-content\/uploads\/2019\/06\/vacances-ete_800x0-300x199.jpg"},{"@type":"BreadcrumbList","@id":"https:\/\/bcg45.fr\/index.php\/2019\/06\/30\/les-vacances-du-bcg\/#breadcrumb","itemListElement":[{"@type":"ListItem","position":1,"name":"Accueil","item":"https:\/\/bcg45.fr\/"},{"@type":"ListItem","position":2,"name":"Les vacances du BCG"}]},{"@type":"WebSite","@id":"https:\/\/bcg45.fr\/#website","url":"https:\/\/bcg45.fr\/","name":"Badminton Club de Gien","description":"Badminton Club de Gien","potentialAction":[{"@type":"SearchAction","target":{"@type":"EntryPoint","urlTemplate":"https:\/\/bcg45.fr\/?s={search_term_string}"},"query-input":{"@type":"PropertyValueSpecification","valueRequired":true,"valueName":"search_term_string"}}],"inLanguage":"fr-FR"},{"@type":"Person","@id":"https:\/\/bcg45.fr\/#\/schema\/person\/19aa10e7168f4ae53cb26396060c5b38","name":"President","image":{"@type":"ImageObject","inLanguage":"fr-FR","@id":"https:\/\/bcg45.fr\/#\/schema\/person\/image\/","url":"https:\/\/secure.gravatar.com\/avatar\/5a4a6d8dd68e6cc4657ef35f3fb95e07e0a4e8d4728da29ffdad429585d85362?s=96&d=mm&r=g","contentUrl":"https:\/\/secure.gravatar.com\/avatar\/5a4a6d8dd68e6cc4657ef35f3fb95e07e0a4e8d4728da29ffdad429585d85362?s=96&d=mm&r=g","caption":"President"},"url":"https:\/\/bcg45.fr\/index.php\/author\/president\/"}]}},"jetpack_publicize_connections":[],"jetpack_featured_media_url":"","jetpack_sharing_enabled":true,"jetpack_shortlink":"https:\/\/wp.me\/p74KfZ-Hs","_links":{"self":[{"href":"https:\/\/bcg45.fr\/index.php\/wp-json\/wp\/v2\/posts\/2694","targetHints":{"allow":["GET"]}}],"collection":[{"href":"https:\/\/bcg45.fr\/index.php\/wp-json\/wp\/v2\/posts"}],"about":[{"href":"https:\/\/bcg45.fr\/index.php\/wp-json\/wp\/v2\/types\/post"}],"author":[{"embeddable":true,"href":"https:\/\/bcg45.fr\/index.php\/wp-json\/wp\/v2\/users\/12"}],"replies":[{"embeddable":true,"href":"https:\/\/bcg45.fr\/index.php\/wp-json\/wp\/v2\/comments?post=2694"}],"version-history":[{"count":1,"href":"https:\/\/bcg45.fr\/index.php\/wp-json\/wp\/v2\/posts\/2694\/revisions"}],"predecessor-version":[{"id":2695,"href":"https:\/\/bcg45.fr\/index.php\/wp-json\/wp\/v2\/posts\/2694\/revisions\/2695"}],"wp:attachment":[{"href":"https:\/\/bcg45.fr\/index.php\/wp-json\/wp\/v2\/media?parent=2694"}],"wp:term":[{"taxonomy":"category","embeddable":true,"href":"https:\/\/bcg45.fr\/index.php\/wp-json\/wp\/v2\/categories?post=2694"},{"taxonomy":"post_tag","embeddable":true,"href":"https:\/\/bcg45.fr\/index.php\/wp-json\/wp\/v2\/tags?post=2694"}],"curies":[{"name":"wp","href":"https:\/\/api.w.org\/{rel}","templated":true}]}}