{"id":2821,"date":"2019-10-27T19:22:32","date_gmt":"2019-10-27T18:22:32","guid":{"rendered":"http:\/\/bcg45.fr\/?p=2821"},"modified":"2019-10-27T19:22:32","modified_gmt":"2019-10-27T18:22:32","slug":"semaine-dense-nos-jeunes-plumes","status":"publish","type":"post","link":"https:\/\/bcg45.fr\/index.php\/2019\/10\/27\/semaine-dense-nos-jeunes-plumes\/","title":{"rendered":"Une semaine dense pour nos jeunes plumes"},"content":{"rendered":"<p dir=\"ltr\">Une semaine dense pour les jeunes plumes du BCG avec 2 jours de stage encadr\u00e9s par coach K\u00e9vin Gasquez. Un collectif riche qui a permis d&rsquo;alterner diff\u00e9rents exercices et surtout dans une bonne ambiance mais studieuse.<\/p>\n<p dir=\"ltr\"><a href=\"https:\/\/bcg45.fr\/wp-content\/uploads\/2019\/10\/FB_IMG_1572200036050.jpg\"><img loading=\"lazy\" decoding=\"async\" class=\"alignnone size-medium wp-image-2817\" src=\"https:\/\/bcg45.fr\/wp-content\/uploads\/2019\/10\/FB_IMG_1572200036050-300x225.jpg\" alt=\"\" width=\"300\" height=\"225\" srcset=\"https:\/\/bcg45.fr\/wp-content\/uploads\/2019\/10\/FB_IMG_1572200036050-300x225.jpg 300w, https:\/\/bcg45.fr\/wp-content\/uploads\/2019\/10\/FB_IMG_1572200036050-768x576.jpg 768w, https:\/\/bcg45.fr\/wp-content\/uploads\/2019\/10\/FB_IMG_1572200036050.jpg 960w\" sizes=\"auto, (max-width: 300px) 100vw, 300px\" \/><\/a><\/p>\n<p dir=\"ltr\"><a href=\"https:\/\/bcg45.fr\/wp-content\/uploads\/2019\/10\/FB_IMG_1572200041679.jpg\"><img loading=\"lazy\" decoding=\"async\" class=\"alignnone size-medium wp-image-2816\" src=\"https:\/\/bcg45.fr\/wp-content\/uploads\/2019\/10\/FB_IMG_1572200041679-300x225.jpg\" alt=\"\" width=\"300\" height=\"225\" srcset=\"https:\/\/bcg45.fr\/wp-content\/uploads\/2019\/10\/FB_IMG_1572200041679-300x225.jpg 300w, https:\/\/bcg45.fr\/wp-content\/uploads\/2019\/10\/FB_IMG_1572200041679-768x576.jpg 768w, https:\/\/bcg45.fr\/wp-content\/uploads\/2019\/10\/FB_IMG_1572200041679.jpg 960w\" sizes=\"auto, (max-width: 300px) 100vw, 300px\" \/><\/a><\/p>\n<p dir=\"ltr\">La troisi\u00e8me journ\u00e9e \u00e9tait parisienne, un d\u00e9placement dans la capitale avec une visite touristique le matin&#8230;.<\/p>\n<p dir=\"ltr\"><del><a href=\"https:\/\/bcg45.fr\/wp-content\/uploads\/2019\/10\/received_603531726851853.jpeg\"><img loading=\"lazy\" decoding=\"async\" class=\"alignnone size-medium wp-image-2820\" src=\"https:\/\/bcg45.fr\/wp-content\/uploads\/2019\/10\/received_603531726851853-225x300.jpeg\" alt=\"\" width=\"225\" height=\"300\" srcset=\"https:\/\/bcg45.fr\/wp-content\/uploads\/2019\/10\/received_603531726851853-225x300.jpeg 225w, https:\/\/bcg45.fr\/wp-content\/uploads\/2019\/10\/received_603531726851853-768x1024.jpeg 768w, https:\/\/bcg45.fr\/wp-content\/uploads\/2019\/10\/received_603531726851853.jpeg 1980w\" sizes=\"auto, (max-width: 225px) 100vw, 225px\" \/><\/a><\/del><\/p>\n<p dir=\"ltr\"><span style=\"font-size: 0.9rem;\">Et badistique l&rsquo;apr\u00e8s midi avec du grand spectacle aux Internationaux de France \u00e0 Coubertin. Une journ\u00e9e pleine de rires d&rsquo;\u00e9merveillement et de paillettes pour certains &#x1f60a;, qui a permis \u00e0 nos jeunes d&rsquo;\u00eatre au plus pr\u00eat du gratin mondial du Badminton.<\/span><\/p>\n<p dir=\"ltr\"><a href=\"https:\/\/bcg45.fr\/wp-content\/uploads\/2019\/10\/received_958747831129089.jpeg\"><img loading=\"lazy\" decoding=\"async\" class=\"alignnone size-medium wp-image-2819\" src=\"https:\/\/bcg45.fr\/wp-content\/uploads\/2019\/10\/received_958747831129089-300x224.jpeg\" alt=\"\" width=\"300\" height=\"224\" srcset=\"https:\/\/bcg45.fr\/wp-content\/uploads\/2019\/10\/received_958747831129089-300x224.jpeg 300w, https:\/\/bcg45.fr\/wp-content\/uploads\/2019\/10\/received_958747831129089-768x573.jpeg 768w, https:\/\/bcg45.fr\/wp-content\/uploads\/2019\/10\/received_958747831129089-1024x763.jpeg 1024w\" sizes=\"auto, (max-width: 300px) 100vw, 300px\" \/><\/a><br \/>\nUn grand merci \u00e0 la famille Aubert et Percher qui ont pr\u00eat\u00e9s leurs v\u00e9hicules sans qui cette journ\u00e9e n&rsquo;aurait \u00e9t\u00e9 possible.<\/p>\n<p dir=\"ltr\">En cette fin de semaine avait lieu \u00e0 Artenay le premier CDJ de la saison au cours duquel Romain PEYTHIEU s&rsquo;est illustr\u00e9 en remportant 3 des 4 matchs.<\/p>\n<blockquote>\n<p dir=\"ltr\"><a href=\"https:\/\/bcg45.fr\/wp-content\/uploads\/2019\/10\/FB_IMG_1572200016169.jpg\"><img loading=\"lazy\" decoding=\"async\" class=\"alignnone size-medium wp-image-2818\" src=\"https:\/\/bcg45.fr\/wp-content\/uploads\/2019\/10\/FB_IMG_1572200016169-225x300.jpg\" alt=\"\" width=\"225\" height=\"300\" srcset=\"https:\/\/bcg45.fr\/wp-content\/uploads\/2019\/10\/FB_IMG_1572200016169-225x300.jpg 225w, https:\/\/bcg45.fr\/wp-content\/uploads\/2019\/10\/FB_IMG_1572200016169.jpg 720w\" sizes=\"auto, (max-width: 225px) 100vw, 225px\" \/><\/a><\/p>\n<\/blockquote>\n<p dir=\"ltr\">Un grand bravo et un peu de repos pour les jeunes.<\/p>\n<p dir=\"ltr\">Rappel soir\u00e9e Halloween le 1 novembre d\u00e8s 19h, au gymnase Marguerite Audoux, venez d\u00e9guis\u00e9s et jouer en famille ou entre amis.<\/p>\n<p dir=\"ltr\">R\u00e9compense pour le meilleur d\u00e9guisement.<\/p>\n<p dir=\"ltr\"><a href=\"https:\/\/bcg45.fr\/wp-content\/uploads\/2019\/10\/received_432160344144398.png\"><img loading=\"lazy\" decoding=\"async\" class=\"alignnone size-medium wp-image-2789\" src=\"https:\/\/bcg45.fr\/wp-content\/uploads\/2019\/10\/received_432160344144398-212x300.png\" alt=\"\" width=\"212\" height=\"300\" srcset=\"https:\/\/bcg45.fr\/wp-content\/uploads\/2019\/10\/received_432160344144398-212x300.png 212w, https:\/\/bcg45.fr\/wp-content\/uploads\/2019\/10\/received_432160344144398-768x1086.png 768w, https:\/\/bcg45.fr\/wp-content\/uploads\/2019\/10\/received_432160344144398-724x1024.png 724w\" sizes=\"auto, (max-width: 212px) 100vw, 212px\" \/><\/a><\/p>\n","protected":false},"excerpt":{"rendered":"<p>Une semaine dense pour les jeunes plumes du BCG avec 2 jours de stage encadr\u00e9s par coach K\u00e9vin Gasquez. Un collectif riche qui a permis d&rsquo;alterner diff\u00e9rents exercices et surtout [&hellip;]<\/p>\n","protected":false},"author":12,"featured_media":0,"comment_status":"open","ping_status":"open","sticky":false,"template":"","format":"standard","meta":{"ngg_post_thumbnail":0,"jetpack_post_was_ever_published":false,"_jetpack_newsletter_access":"","_jetpack_dont_email_post_to_subs":false,"_jetpack_newsletter_tier_id":0,"_jetpack_memberships_contains_paywalled_content":false,"_jetpack_memberships_contains_paid_content":false,"footnotes":"","jetpack_publicize_message":"","jetpack_publicize_feature_enabled":true,"jetpack_social_post_already_shared":true,"jetpack_social_options":{"image_generator_settings":{"template":"highway","default_image_id":0,"font":"","enabled":false},"version":2}},"categories":[1],"tags":[],"class_list":{"0":"post-2821","1":"post","2":"type-post","3":"status-publish","4":"format-standard","6":"category-non-classe","7":"czr-hentry"},"yoast_head":"<!-- This site is optimized with the Yoast SEO plugin v26.6 - https:\/\/yoast.com\/wordpress\/plugins\/seo\/ -->\n<title>Une semaine dense pour nos jeunes plumes - Badminton Club de Gien<\/title>\n<meta name=\"robots\" content=\"noindex, follow\" \/>\n<meta property=\"og:locale\" content=\"fr_FR\" \/>\n<meta property=\"og:type\" content=\"article\" \/>\n<meta property=\"og:title\" content=\"Une semaine dense pour nos jeunes plumes - Badminton Club de Gien\" \/>\n<meta property=\"og:description\" content=\"Une semaine dense pour les jeunes plumes du BCG avec 2 jours de stage encadr\u00e9s par coach K\u00e9vin Gasquez. Un collectif riche qui a permis d&rsquo;alterner diff\u00e9rents exercices et surtout [&hellip;]\" \/>\n<meta property=\"og:url\" content=\"https:\/\/bcg45.fr\/index.php\/2019\/10\/27\/semaine-dense-nos-jeunes-plumes\/\" \/>\n<meta property=\"og:site_name\" content=\"Badminton Club de Gien\" \/>\n<meta property=\"article:published_time\" content=\"2019-10-27T18:22:32+00:00\" \/>\n<meta property=\"og:image\" content=\"http:\/\/bcg45.fr\/wp-content\/uploads\/2019\/10\/FB_IMG_1572200036050-300x225.jpg\" \/>\n<meta name=\"author\" content=\"President\" \/>\n<meta name=\"twitter:card\" content=\"summary_large_image\" \/>\n<meta name=\"twitter:label1\" content=\"\u00c9crit par\" \/>\n\t<meta name=\"twitter:data1\" content=\"President\" \/>\n\t<meta name=\"twitter:label2\" content=\"Dur\u00e9e de lecture estim\u00e9e\" \/>\n\t<meta name=\"twitter:data2\" content=\"1 minute\" \/>\n<script type=\"application\/ld+json\" class=\"yoast-schema-graph\">{\"@context\":\"https:\/\/schema.org\",\"@graph\":[{\"@type\":\"WebPage\",\"@id\":\"https:\/\/bcg45.fr\/index.php\/2019\/10\/27\/semaine-dense-nos-jeunes-plumes\/\",\"url\":\"https:\/\/bcg45.fr\/index.php\/2019\/10\/27\/semaine-dense-nos-jeunes-plumes\/\",\"name\":\"Une semaine dense pour nos jeunes plumes - Badminton Club de Gien\",\"isPartOf\":{\"@id\":\"https:\/\/bcg45.fr\/#website\"},\"primaryImageOfPage\":{\"@id\":\"https:\/\/bcg45.fr\/index.php\/2019\/10\/27\/semaine-dense-nos-jeunes-plumes\/#primaryimage\"},\"image\":{\"@id\":\"https:\/\/bcg45.fr\/index.php\/2019\/10\/27\/semaine-dense-nos-jeunes-plumes\/#primaryimage\"},\"thumbnailUrl\":\"http:\/\/bcg45.fr\/wp-content\/uploads\/2019\/10\/FB_IMG_1572200036050-300x225.jpg\",\"datePublished\":\"2019-10-27T18:22:32+00:00\",\"author\":{\"@id\":\"https:\/\/bcg45.fr\/#\/schema\/person\/19aa10e7168f4ae53cb26396060c5b38\"},\"breadcrumb\":{\"@id\":\"https:\/\/bcg45.fr\/index.php\/2019\/10\/27\/semaine-dense-nos-jeunes-plumes\/#breadcrumb\"},\"inLanguage\":\"fr-FR\",\"potentialAction\":[{\"@type\":\"ReadAction\",\"target\":[\"https:\/\/bcg45.fr\/index.php\/2019\/10\/27\/semaine-dense-nos-jeunes-plumes\/\"]}]},{\"@type\":\"ImageObject\",\"inLanguage\":\"fr-FR\",\"@id\":\"https:\/\/bcg45.fr\/index.php\/2019\/10\/27\/semaine-dense-nos-jeunes-plumes\/#primaryimage\",\"url\":\"http:\/\/bcg45.fr\/wp-content\/uploads\/2019\/10\/FB_IMG_1572200036050-300x225.jpg\",\"contentUrl\":\"http:\/\/bcg45.fr\/wp-content\/uploads\/2019\/10\/FB_IMG_1572200036050-300x225.jpg\"},{\"@type\":\"BreadcrumbList\",\"@id\":\"https:\/\/bcg45.fr\/index.php\/2019\/10\/27\/semaine-dense-nos-jeunes-plumes\/#breadcrumb\",\"itemListElement\":[{\"@type\":\"ListItem\",\"position\":1,\"name\":\"Accueil\",\"item\":\"https:\/\/bcg45.fr\/\"},{\"@type\":\"ListItem\",\"position\":2,\"name\":\"Une semaine dense pour nos jeunes plumes\"}]},{\"@type\":\"WebSite\",\"@id\":\"https:\/\/bcg45.fr\/#website\",\"url\":\"https:\/\/bcg45.fr\/\",\"name\":\"Badminton Club de Gien\",\"description\":\"Badminton Club de Gien\",\"potentialAction\":[{\"@type\":\"SearchAction\",\"target\":{\"@type\":\"EntryPoint\",\"urlTemplate\":\"https:\/\/bcg45.fr\/?s={search_term_string}\"},\"query-input\":{\"@type\":\"PropertyValueSpecification\",\"valueRequired\":true,\"valueName\":\"search_term_string\"}}],\"inLanguage\":\"fr-FR\"},{\"@type\":\"Person\",\"@id\":\"https:\/\/bcg45.fr\/#\/schema\/person\/19aa10e7168f4ae53cb26396060c5b38\",\"name\":\"President\",\"image\":{\"@type\":\"ImageObject\",\"inLanguage\":\"fr-FR\",\"@id\":\"https:\/\/bcg45.fr\/#\/schema\/person\/image\/\",\"url\":\"https:\/\/secure.gravatar.com\/avatar\/5a4a6d8dd68e6cc4657ef35f3fb95e07e0a4e8d4728da29ffdad429585d85362?s=96&d=mm&r=g\",\"contentUrl\":\"https:\/\/secure.gravatar.com\/avatar\/5a4a6d8dd68e6cc4657ef35f3fb95e07e0a4e8d4728da29ffdad429585d85362?s=96&d=mm&r=g\",\"caption\":\"President\"},\"url\":\"https:\/\/bcg45.fr\/index.php\/author\/president\/\"}]}<\/script>\n<!-- \/ Yoast SEO plugin. -->","yoast_head_json":{"title":"Une semaine dense pour nos jeunes plumes - Badminton Club de Gien","robots":{"index":"noindex","follow":"follow"},"og_locale":"fr_FR","og_type":"article","og_title":"Une semaine dense pour nos jeunes plumes - Badminton Club de Gien","og_description":"Une semaine dense pour les jeunes plumes du BCG avec 2 jours de stage encadr\u00e9s par coach K\u00e9vin Gasquez. Un collectif riche qui a permis d&rsquo;alterner diff\u00e9rents exercices et surtout [&hellip;]","og_url":"https:\/\/bcg45.fr\/index.php\/2019\/10\/27\/semaine-dense-nos-jeunes-plumes\/","og_site_name":"Badminton Club de Gien","article_published_time":"2019-10-27T18:22:32+00:00","og_image":[{"url":"http:\/\/bcg45.fr\/wp-content\/uploads\/2019\/10\/FB_IMG_1572200036050-300x225.jpg","type":"","width":"","height":""}],"author":"President","twitter_card":"summary_large_image","twitter_misc":{"\u00c9crit par":"President","Dur\u00e9e de lecture estim\u00e9e":"1 minute"},"schema":{"@context":"https:\/\/schema.org","@graph":[{"@type":"WebPage","@id":"https:\/\/bcg45.fr\/index.php\/2019\/10\/27\/semaine-dense-nos-jeunes-plumes\/","url":"https:\/\/bcg45.fr\/index.php\/2019\/10\/27\/semaine-dense-nos-jeunes-plumes\/","name":"Une semaine dense pour nos jeunes plumes - Badminton Club de Gien","isPartOf":{"@id":"https:\/\/bcg45.fr\/#website"},"primaryImageOfPage":{"@id":"https:\/\/bcg45.fr\/index.php\/2019\/10\/27\/semaine-dense-nos-jeunes-plumes\/#primaryimage"},"image":{"@id":"https:\/\/bcg45.fr\/index.php\/2019\/10\/27\/semaine-dense-nos-jeunes-plumes\/#primaryimage"},"thumbnailUrl":"http:\/\/bcg45.fr\/wp-content\/uploads\/2019\/10\/FB_IMG_1572200036050-300x225.jpg","datePublished":"2019-10-27T18:22:32+00:00","author":{"@id":"https:\/\/bcg45.fr\/#\/schema\/person\/19aa10e7168f4ae53cb26396060c5b38"},"breadcrumb":{"@id":"https:\/\/bcg45.fr\/index.php\/2019\/10\/27\/semaine-dense-nos-jeunes-plumes\/#breadcrumb"},"inLanguage":"fr-FR","potentialAction":[{"@type":"ReadAction","target":["https:\/\/bcg45.fr\/index.php\/2019\/10\/27\/semaine-dense-nos-jeunes-plumes\/"]}]},{"@type":"ImageObject","inLanguage":"fr-FR","@id":"https:\/\/bcg45.fr\/index.php\/2019\/10\/27\/semaine-dense-nos-jeunes-plumes\/#primaryimage","url":"http:\/\/bcg45.fr\/wp-content\/uploads\/2019\/10\/FB_IMG_1572200036050-300x225.jpg","contentUrl":"http:\/\/bcg45.fr\/wp-content\/uploads\/2019\/10\/FB_IMG_1572200036050-300x225.jpg"},{"@type":"BreadcrumbList","@id":"https:\/\/bcg45.fr\/index.php\/2019\/10\/27\/semaine-dense-nos-jeunes-plumes\/#breadcrumb","itemListElement":[{"@type":"ListItem","position":1,"name":"Accueil","item":"https:\/\/bcg45.fr\/"},{"@type":"ListItem","position":2,"name":"Une semaine dense pour nos jeunes plumes"}]},{"@type":"WebSite","@id":"https:\/\/bcg45.fr\/#website","url":"https:\/\/bcg45.fr\/","name":"Badminton Club de Gien","description":"Badminton Club de Gien","potentialAction":[{"@type":"SearchAction","target":{"@type":"EntryPoint","urlTemplate":"https:\/\/bcg45.fr\/?s={search_term_string}"},"query-input":{"@type":"PropertyValueSpecification","valueRequired":true,"valueName":"search_term_string"}}],"inLanguage":"fr-FR"},{"@type":"Person","@id":"https:\/\/bcg45.fr\/#\/schema\/person\/19aa10e7168f4ae53cb26396060c5b38","name":"President","image":{"@type":"ImageObject","inLanguage":"fr-FR","@id":"https:\/\/bcg45.fr\/#\/schema\/person\/image\/","url":"https:\/\/secure.gravatar.com\/avatar\/5a4a6d8dd68e6cc4657ef35f3fb95e07e0a4e8d4728da29ffdad429585d85362?s=96&d=mm&r=g","contentUrl":"https:\/\/secure.gravatar.com\/avatar\/5a4a6d8dd68e6cc4657ef35f3fb95e07e0a4e8d4728da29ffdad429585d85362?s=96&d=mm&r=g","caption":"President"},"url":"https:\/\/bcg45.fr\/index.php\/author\/president\/"}]}},"jetpack_publicize_connections":[],"jetpack_featured_media_url":"","jetpack_sharing_enabled":true,"jetpack_shortlink":"https:\/\/wp.me\/p74KfZ-Jv","_links":{"self":[{"href":"https:\/\/bcg45.fr\/index.php\/wp-json\/wp\/v2\/posts\/2821","targetHints":{"allow":["GET"]}}],"collection":[{"href":"https:\/\/bcg45.fr\/index.php\/wp-json\/wp\/v2\/posts"}],"about":[{"href":"https:\/\/bcg45.fr\/index.php\/wp-json\/wp\/v2\/types\/post"}],"author":[{"embeddable":true,"href":"https:\/\/bcg45.fr\/index.php\/wp-json\/wp\/v2\/users\/12"}],"replies":[{"embeddable":true,"href":"https:\/\/bcg45.fr\/index.php\/wp-json\/wp\/v2\/comments?post=2821"}],"version-history":[{"count":1,"href":"https:\/\/bcg45.fr\/index.php\/wp-json\/wp\/v2\/posts\/2821\/revisions"}],"predecessor-version":[{"id":2823,"href":"https:\/\/bcg45.fr\/index.php\/wp-json\/wp\/v2\/posts\/2821\/revisions\/2823"}],"wp:attachment":[{"href":"https:\/\/bcg45.fr\/index.php\/wp-json\/wp\/v2\/media?parent=2821"}],"wp:term":[{"taxonomy":"category","embeddable":true,"href":"https:\/\/bcg45.fr\/index.php\/wp-json\/wp\/v2\/categories?post=2821"},{"taxonomy":"post_tag","embeddable":true,"href":"https:\/\/bcg45.fr\/index.php\/wp-json\/wp\/v2\/tags?post=2821"}],"curies":[{"name":"wp","href":"https:\/\/api.w.org\/{rel}","templated":true}]}}