{"id":3432,"date":"2020-12-15T19:35:39","date_gmt":"2020-12-15T18:35:39","guid":{"rendered":"https:\/\/bcg45.fr\/?p=3432"},"modified":"2020-12-15T19:35:40","modified_gmt":"2020-12-15T18:35:40","slug":"reprise-pour-les-jeunes","status":"publish","type":"post","link":"https:\/\/bcg45.fr\/index.php\/2020\/12\/15\/reprise-pour-les-jeunes\/","title":{"rendered":"Reprise pour les jeunes"},"content":{"rendered":"\n<figure class=\"wp-block-image size-large\"><img loading=\"lazy\" decoding=\"async\" width=\"600\" height=\"315\" src=\"https:\/\/bcg45.fr\/wp-content\/uploads\/2020\/12\/FB_IMG_1608057268706.jpg\" alt=\"\" class=\"wp-image-3431\" srcset=\"https:\/\/bcg45.fr\/wp-content\/uploads\/2020\/12\/FB_IMG_1608057268706.jpg 600w, https:\/\/bcg45.fr\/wp-content\/uploads\/2020\/12\/FB_IMG_1608057268706-300x158.jpg 300w\" sizes=\"auto, (max-width: 600px) 100vw, 600px\" \/><\/figure>\n\n\n\n<p>Bonsoir \u00e0 tous,<\/p>\n\n\n\n<p>Une bonne nouvelle qui s&rsquo;est faite attendre mais l\u00e0 voici: Reprise des cr\u00e9neaux jeunes !!!!<\/p>\n\n\n\n<p>Les cr\u00e9neaux pour cette semaine sont les suivants:<\/p>\n\n\n\n<ul class=\"wp-block-list\"><li>Mardi : 17h30-19h30<\/li><li>Mercredi : 17h-18h (Minibad) puis 17H45-19h30<\/li><\/ul>\n\n\n\n<p>Nous ne doutons pas de la motivation de nos jeunes \u00e0 reprendre le badminton, c&rsquo;est pourquoi le club proposera un stage le Mardi 22 d\u00e9cembre de 10h \u00e0 17h. Prenez-en notes!<\/p>\n\n\n\n<p>A tr\u00e8s vite sur les terrains. &#x1f3f8;<\/p>\n\n\n\n<p>PS: On n&rsquo;oublie pas son masque et de toujours respecter les gestes barri\u00e8res.<\/p>\n\n\n\n<p>Le Badminton Club de Gien<\/p>\n","protected":false},"excerpt":{"rendered":"<p>Bonsoir \u00e0 tous, Une bonne nouvelle qui s&rsquo;est faite attendre mais l\u00e0 voici: Reprise des cr\u00e9neaux jeunes !!!! Les cr\u00e9neaux pour cette semaine sont les suivants: Mardi : 17h30-19h30 Mercredi [&hellip;]<\/p>\n","protected":false},"author":1,"featured_media":0,"comment_status":"open","ping_status":"open","sticky":false,"template":"","format":"standard","meta":{"ngg_post_thumbnail":0,"jetpack_post_was_ever_published":false,"_jetpack_newsletter_access":"","_jetpack_dont_email_post_to_subs":false,"_jetpack_newsletter_tier_id":0,"_jetpack_memberships_contains_paywalled_content":false,"_jetpack_memberships_contains_paid_content":false,"footnotes":"","jetpack_publicize_message":"","jetpack_publicize_feature_enabled":true,"jetpack_social_post_already_shared":true,"jetpack_social_options":{"image_generator_settings":{"template":"highway","default_image_id":0,"font":"","enabled":false},"version":2}},"categories":[1],"tags":[],"class_list":{"0":"post-3432","1":"post","2":"type-post","3":"status-publish","4":"format-standard","6":"category-non-classe","7":"czr-hentry"},"yoast_head":"<!-- This site is optimized with the Yoast SEO plugin v26.6 - https:\/\/yoast.com\/wordpress\/plugins\/seo\/ -->\n<title>Reprise pour les jeunes - Badminton Club de Gien<\/title>\n<meta name=\"robots\" content=\"noindex, follow\" \/>\n<meta property=\"og:locale\" content=\"fr_FR\" \/>\n<meta property=\"og:type\" content=\"article\" \/>\n<meta property=\"og:title\" content=\"Reprise pour les jeunes - Badminton Club de Gien\" \/>\n<meta property=\"og:description\" content=\"Bonsoir \u00e0 tous, Une bonne nouvelle qui s&rsquo;est faite attendre mais l\u00e0 voici: Reprise des cr\u00e9neaux jeunes !!!! Les cr\u00e9neaux pour cette semaine sont les suivants: Mardi : 17h30-19h30 Mercredi [&hellip;]\" \/>\n<meta property=\"og:url\" content=\"https:\/\/bcg45.fr\/index.php\/2020\/12\/15\/reprise-pour-les-jeunes\/\" \/>\n<meta property=\"og:site_name\" content=\"Badminton Club de Gien\" \/>\n<meta property=\"article:published_time\" content=\"2020-12-15T18:35:39+00:00\" \/>\n<meta property=\"article:modified_time\" content=\"2020-12-15T18:35:40+00:00\" \/>\n<meta property=\"og:image\" content=\"https:\/\/bcg45.fr\/wp-content\/uploads\/2020\/12\/FB_IMG_1608057268706.jpg\" \/>\n<meta name=\"author\" content=\"admin\" \/>\n<meta name=\"twitter:card\" content=\"summary_large_image\" \/>\n<meta name=\"twitter:label1\" content=\"\u00c9crit par\" \/>\n\t<meta name=\"twitter:data1\" content=\"admin\" \/>\n<script type=\"application\/ld+json\" class=\"yoast-schema-graph\">{\"@context\":\"https:\/\/schema.org\",\"@graph\":[{\"@type\":\"WebPage\",\"@id\":\"https:\/\/bcg45.fr\/index.php\/2020\/12\/15\/reprise-pour-les-jeunes\/\",\"url\":\"https:\/\/bcg45.fr\/index.php\/2020\/12\/15\/reprise-pour-les-jeunes\/\",\"name\":\"Reprise pour les jeunes - Badminton Club de Gien\",\"isPartOf\":{\"@id\":\"https:\/\/bcg45.fr\/#website\"},\"primaryImageOfPage\":{\"@id\":\"https:\/\/bcg45.fr\/index.php\/2020\/12\/15\/reprise-pour-les-jeunes\/#primaryimage\"},\"image\":{\"@id\":\"https:\/\/bcg45.fr\/index.php\/2020\/12\/15\/reprise-pour-les-jeunes\/#primaryimage\"},\"thumbnailUrl\":\"https:\/\/bcg45.fr\/wp-content\/uploads\/2020\/12\/FB_IMG_1608057268706.jpg\",\"datePublished\":\"2020-12-15T18:35:39+00:00\",\"dateModified\":\"2020-12-15T18:35:40+00:00\",\"author\":{\"@id\":\"https:\/\/bcg45.fr\/#\/schema\/person\/44555427722a19f609dbf7c28d971165\"},\"breadcrumb\":{\"@id\":\"https:\/\/bcg45.fr\/index.php\/2020\/12\/15\/reprise-pour-les-jeunes\/#breadcrumb\"},\"inLanguage\":\"fr-FR\",\"potentialAction\":[{\"@type\":\"ReadAction\",\"target\":[\"https:\/\/bcg45.fr\/index.php\/2020\/12\/15\/reprise-pour-les-jeunes\/\"]}]},{\"@type\":\"ImageObject\",\"inLanguage\":\"fr-FR\",\"@id\":\"https:\/\/bcg45.fr\/index.php\/2020\/12\/15\/reprise-pour-les-jeunes\/#primaryimage\",\"url\":\"https:\/\/bcg45.fr\/wp-content\/uploads\/2020\/12\/FB_IMG_1608057268706.jpg\",\"contentUrl\":\"https:\/\/bcg45.fr\/wp-content\/uploads\/2020\/12\/FB_IMG_1608057268706.jpg\",\"width\":600,\"height\":315},{\"@type\":\"BreadcrumbList\",\"@id\":\"https:\/\/bcg45.fr\/index.php\/2020\/12\/15\/reprise-pour-les-jeunes\/#breadcrumb\",\"itemListElement\":[{\"@type\":\"ListItem\",\"position\":1,\"name\":\"Accueil\",\"item\":\"https:\/\/bcg45.fr\/\"},{\"@type\":\"ListItem\",\"position\":2,\"name\":\"Reprise pour les jeunes\"}]},{\"@type\":\"WebSite\",\"@id\":\"https:\/\/bcg45.fr\/#website\",\"url\":\"https:\/\/bcg45.fr\/\",\"name\":\"Badminton Club de Gien\",\"description\":\"Badminton Club de Gien\",\"potentialAction\":[{\"@type\":\"SearchAction\",\"target\":{\"@type\":\"EntryPoint\",\"urlTemplate\":\"https:\/\/bcg45.fr\/?s={search_term_string}\"},\"query-input\":{\"@type\":\"PropertyValueSpecification\",\"valueRequired\":true,\"valueName\":\"search_term_string\"}}],\"inLanguage\":\"fr-FR\"},{\"@type\":\"Person\",\"@id\":\"https:\/\/bcg45.fr\/#\/schema\/person\/44555427722a19f609dbf7c28d971165\",\"name\":\"admin\",\"image\":{\"@type\":\"ImageObject\",\"inLanguage\":\"fr-FR\",\"@id\":\"https:\/\/bcg45.fr\/#\/schema\/person\/image\/\",\"url\":\"https:\/\/secure.gravatar.com\/avatar\/6697972b6a8f6aa4df538eaaf7c6fec36756c7071972918441fb4a265cbd3858?s=96&d=mm&r=g\",\"contentUrl\":\"https:\/\/secure.gravatar.com\/avatar\/6697972b6a8f6aa4df538eaaf7c6fec36756c7071972918441fb4a265cbd3858?s=96&d=mm&r=g\",\"caption\":\"admin\"},\"url\":\"https:\/\/bcg45.fr\/index.php\/author\/admin\/\"}]}<\/script>\n<!-- \/ Yoast SEO plugin. -->","yoast_head_json":{"title":"Reprise pour les jeunes - Badminton Club de Gien","robots":{"index":"noindex","follow":"follow"},"og_locale":"fr_FR","og_type":"article","og_title":"Reprise pour les jeunes - Badminton Club de Gien","og_description":"Bonsoir \u00e0 tous, Une bonne nouvelle qui s&rsquo;est faite attendre mais l\u00e0 voici: Reprise des cr\u00e9neaux jeunes !!!! Les cr\u00e9neaux pour cette semaine sont les suivants: Mardi : 17h30-19h30 Mercredi [&hellip;]","og_url":"https:\/\/bcg45.fr\/index.php\/2020\/12\/15\/reprise-pour-les-jeunes\/","og_site_name":"Badminton Club de Gien","article_published_time":"2020-12-15T18:35:39+00:00","article_modified_time":"2020-12-15T18:35:40+00:00","og_image":[{"url":"https:\/\/bcg45.fr\/wp-content\/uploads\/2020\/12\/FB_IMG_1608057268706.jpg","type":"","width":"","height":""}],"author":"admin","twitter_card":"summary_large_image","twitter_misc":{"\u00c9crit par":"admin"},"schema":{"@context":"https:\/\/schema.org","@graph":[{"@type":"WebPage","@id":"https:\/\/bcg45.fr\/index.php\/2020\/12\/15\/reprise-pour-les-jeunes\/","url":"https:\/\/bcg45.fr\/index.php\/2020\/12\/15\/reprise-pour-les-jeunes\/","name":"Reprise pour les jeunes - Badminton Club de Gien","isPartOf":{"@id":"https:\/\/bcg45.fr\/#website"},"primaryImageOfPage":{"@id":"https:\/\/bcg45.fr\/index.php\/2020\/12\/15\/reprise-pour-les-jeunes\/#primaryimage"},"image":{"@id":"https:\/\/bcg45.fr\/index.php\/2020\/12\/15\/reprise-pour-les-jeunes\/#primaryimage"},"thumbnailUrl":"https:\/\/bcg45.fr\/wp-content\/uploads\/2020\/12\/FB_IMG_1608057268706.jpg","datePublished":"2020-12-15T18:35:39+00:00","dateModified":"2020-12-15T18:35:40+00:00","author":{"@id":"https:\/\/bcg45.fr\/#\/schema\/person\/44555427722a19f609dbf7c28d971165"},"breadcrumb":{"@id":"https:\/\/bcg45.fr\/index.php\/2020\/12\/15\/reprise-pour-les-jeunes\/#breadcrumb"},"inLanguage":"fr-FR","potentialAction":[{"@type":"ReadAction","target":["https:\/\/bcg45.fr\/index.php\/2020\/12\/15\/reprise-pour-les-jeunes\/"]}]},{"@type":"ImageObject","inLanguage":"fr-FR","@id":"https:\/\/bcg45.fr\/index.php\/2020\/12\/15\/reprise-pour-les-jeunes\/#primaryimage","url":"https:\/\/bcg45.fr\/wp-content\/uploads\/2020\/12\/FB_IMG_1608057268706.jpg","contentUrl":"https:\/\/bcg45.fr\/wp-content\/uploads\/2020\/12\/FB_IMG_1608057268706.jpg","width":600,"height":315},{"@type":"BreadcrumbList","@id":"https:\/\/bcg45.fr\/index.php\/2020\/12\/15\/reprise-pour-les-jeunes\/#breadcrumb","itemListElement":[{"@type":"ListItem","position":1,"name":"Accueil","item":"https:\/\/bcg45.fr\/"},{"@type":"ListItem","position":2,"name":"Reprise pour les jeunes"}]},{"@type":"WebSite","@id":"https:\/\/bcg45.fr\/#website","url":"https:\/\/bcg45.fr\/","name":"Badminton Club de Gien","description":"Badminton Club de Gien","potentialAction":[{"@type":"SearchAction","target":{"@type":"EntryPoint","urlTemplate":"https:\/\/bcg45.fr\/?s={search_term_string}"},"query-input":{"@type":"PropertyValueSpecification","valueRequired":true,"valueName":"search_term_string"}}],"inLanguage":"fr-FR"},{"@type":"Person","@id":"https:\/\/bcg45.fr\/#\/schema\/person\/44555427722a19f609dbf7c28d971165","name":"admin","image":{"@type":"ImageObject","inLanguage":"fr-FR","@id":"https:\/\/bcg45.fr\/#\/schema\/person\/image\/","url":"https:\/\/secure.gravatar.com\/avatar\/6697972b6a8f6aa4df538eaaf7c6fec36756c7071972918441fb4a265cbd3858?s=96&d=mm&r=g","contentUrl":"https:\/\/secure.gravatar.com\/avatar\/6697972b6a8f6aa4df538eaaf7c6fec36756c7071972918441fb4a265cbd3858?s=96&d=mm&r=g","caption":"admin"},"url":"https:\/\/bcg45.fr\/index.php\/author\/admin\/"}]}},"jetpack_publicize_connections":[],"jetpack_featured_media_url":"","jetpack_sharing_enabled":true,"jetpack_shortlink":"https:\/\/wp.me\/p74KfZ-Tm","_links":{"self":[{"href":"https:\/\/bcg45.fr\/index.php\/wp-json\/wp\/v2\/posts\/3432","targetHints":{"allow":["GET"]}}],"collection":[{"href":"https:\/\/bcg45.fr\/index.php\/wp-json\/wp\/v2\/posts"}],"about":[{"href":"https:\/\/bcg45.fr\/index.php\/wp-json\/wp\/v2\/types\/post"}],"author":[{"embeddable":true,"href":"https:\/\/bcg45.fr\/index.php\/wp-json\/wp\/v2\/users\/1"}],"replies":[{"embeddable":true,"href":"https:\/\/bcg45.fr\/index.php\/wp-json\/wp\/v2\/comments?post=3432"}],"version-history":[{"count":1,"href":"https:\/\/bcg45.fr\/index.php\/wp-json\/wp\/v2\/posts\/3432\/revisions"}],"predecessor-version":[{"id":3433,"href":"https:\/\/bcg45.fr\/index.php\/wp-json\/wp\/v2\/posts\/3432\/revisions\/3433"}],"wp:attachment":[{"href":"https:\/\/bcg45.fr\/index.php\/wp-json\/wp\/v2\/media?parent=3432"}],"wp:term":[{"taxonomy":"category","embeddable":true,"href":"https:\/\/bcg45.fr\/index.php\/wp-json\/wp\/v2\/categories?post=3432"},{"taxonomy":"post_tag","embeddable":true,"href":"https:\/\/bcg45.fr\/index.php\/wp-json\/wp\/v2\/tags?post=3432"}],"curies":[{"name":"wp","href":"https:\/\/api.w.org\/{rel}","templated":true}]}}