{"id":3513,"date":"2021-09-24T09:55:24","date_gmt":"2021-09-24T08:55:24","guid":{"rendered":"https:\/\/bcg45.fr\/?p=3513"},"modified":"2021-09-24T09:55:31","modified_gmt":"2021-09-24T08:55:31","slug":"assemblee-generale-2021","status":"publish","type":"post","link":"https:\/\/bcg45.fr\/index.php\/2021\/09\/24\/assemblee-generale-2021\/","title":{"rendered":"Assembl\u00e9e G\u00e9n\u00e9rale 2021"},"content":{"rendered":"\n<p>Vous \u00eates cordialement invit\u00e9s \u00e0 l\u2019Assembl\u00e9e G\u00e9n\u00e9rale qui se d\u00e9roulera \u00e0 au gymnase Marguerite Audoux \u00e0 Gien, le :<\/p>\n\n\n\n<p><strong><u>Vendredi 01 Octobre 2021 \u00e0 19h00<\/u><\/strong><\/p>\n\n\n\n<p>C\u2019est un moment tr\u00e8s important de la vie associative de notre club et voici l\u2019ordre du jour&nbsp;:<\/p>\n\n\n\n<ul class=\"wp-block-list\"><li>Rapport moral du pr\u00e9sident<\/li><li>Rapport d\u2019activit\u00e9<\/li><li>Rapport financier : Bilan, Tarif cotisations, Budget<\/li><li>Pr\u00e9sentation du projet pour la saison sportive 2021-2022<\/li><li>\u00c9lection des nouveaux membres du Comit\u00e9 Directeur<\/li><li>Allocutions des personnalit\u00e9s pr\u00e9sentes<\/li><li>R\u00e9compenses des joueurs \/Remise des plumes jeunes Ecole de Badminton<\/li><\/ul>\n\n\n\n<p>Nous serons \u00e0 l\u2019\u00e9coute de toutes vos remarques ou questions concernant la prochaine saison.<\/p>\n\n\n\n<p>Nous comptons sur vous (avec vos parents pour les jeunes). Le nombre de pr\u00e9sents est important pour refl\u00e9ter la vitalit\u00e9 du club et pour garantir la validit\u00e9 de cette AG (un quorum de 19 personnes est n\u00e9cessaire). Merci de confirmer votre pr\u00e9sence ou de donner procuration \u00e0 un adh\u00e9rent du club avant le 28 septembre 2021.<\/p>\n\n\n\n<p>https:\/\/bcg45.fr\/wp-content\/uploads\/2021\/09\/Assemble\u0301e_ge\u0301ne\u0301rale_2021.docx<\/p>\n","protected":false},"excerpt":{"rendered":"<p>Vous \u00eates cordialement invit\u00e9s \u00e0 l\u2019Assembl\u00e9e G\u00e9n\u00e9rale qui se d\u00e9roulera \u00e0 au gymnase Marguerite Audoux \u00e0 Gien, le : Vendredi 01 Octobre 2021 \u00e0 19h00 C\u2019est un moment tr\u00e8s important [&hellip;]<\/p>\n","protected":false},"author":1,"featured_media":0,"comment_status":"open","ping_status":"open","sticky":false,"template":"","format":"standard","meta":{"ngg_post_thumbnail":0,"jetpack_post_was_ever_published":false,"_jetpack_newsletter_access":"","_jetpack_dont_email_post_to_subs":false,"_jetpack_newsletter_tier_id":0,"_jetpack_memberships_contains_paywalled_content":false,"_jetpack_memberships_contains_paid_content":false,"footnotes":"","jetpack_publicize_message":"","jetpack_publicize_feature_enabled":true,"jetpack_social_post_already_shared":true,"jetpack_social_options":{"image_generator_settings":{"template":"highway","default_image_id":0,"font":"","enabled":false},"version":2}},"categories":[1],"tags":[],"class_list":{"0":"post-3513","1":"post","2":"type-post","3":"status-publish","4":"format-standard","6":"category-non-classe","7":"czr-hentry"},"yoast_head":"<!-- This site is optimized with the Yoast SEO plugin v26.6 - https:\/\/yoast.com\/wordpress\/plugins\/seo\/ -->\n<title>Assembl\u00e9e G\u00e9n\u00e9rale 2021 - Badminton Club de Gien<\/title>\n<meta name=\"robots\" content=\"noindex, follow\" \/>\n<meta property=\"og:locale\" content=\"fr_FR\" \/>\n<meta property=\"og:type\" content=\"article\" \/>\n<meta property=\"og:title\" content=\"Assembl\u00e9e G\u00e9n\u00e9rale 2021 - Badminton Club de Gien\" \/>\n<meta property=\"og:description\" content=\"Vous \u00eates cordialement invit\u00e9s \u00e0 l\u2019Assembl\u00e9e G\u00e9n\u00e9rale qui se d\u00e9roulera \u00e0 au gymnase Marguerite Audoux \u00e0 Gien, le : Vendredi 01 Octobre 2021 \u00e0 19h00 C\u2019est un moment tr\u00e8s important [&hellip;]\" \/>\n<meta property=\"og:url\" content=\"https:\/\/bcg45.fr\/index.php\/2021\/09\/24\/assemblee-generale-2021\/\" \/>\n<meta property=\"og:site_name\" content=\"Badminton Club de Gien\" \/>\n<meta property=\"article:published_time\" content=\"2021-09-24T08:55:24+00:00\" \/>\n<meta property=\"article:modified_time\" content=\"2021-09-24T08:55:31+00:00\" \/>\n<meta name=\"author\" content=\"admin\" \/>\n<meta name=\"twitter:card\" content=\"summary_large_image\" \/>\n<meta name=\"twitter:label1\" content=\"\u00c9crit par\" \/>\n\t<meta name=\"twitter:data1\" content=\"admin\" \/>\n\t<meta name=\"twitter:label2\" content=\"Dur\u00e9e de lecture estim\u00e9e\" \/>\n\t<meta name=\"twitter:data2\" content=\"1 minute\" \/>\n<script type=\"application\/ld+json\" class=\"yoast-schema-graph\">{\"@context\":\"https:\/\/schema.org\",\"@graph\":[{\"@type\":\"WebPage\",\"@id\":\"https:\/\/bcg45.fr\/index.php\/2021\/09\/24\/assemblee-generale-2021\/\",\"url\":\"https:\/\/bcg45.fr\/index.php\/2021\/09\/24\/assemblee-generale-2021\/\",\"name\":\"Assembl\u00e9e G\u00e9n\u00e9rale 2021 - Badminton Club de Gien\",\"isPartOf\":{\"@id\":\"https:\/\/bcg45.fr\/#website\"},\"datePublished\":\"2021-09-24T08:55:24+00:00\",\"dateModified\":\"2021-09-24T08:55:31+00:00\",\"author\":{\"@id\":\"https:\/\/bcg45.fr\/#\/schema\/person\/44555427722a19f609dbf7c28d971165\"},\"breadcrumb\":{\"@id\":\"https:\/\/bcg45.fr\/index.php\/2021\/09\/24\/assemblee-generale-2021\/#breadcrumb\"},\"inLanguage\":\"fr-FR\",\"potentialAction\":[{\"@type\":\"ReadAction\",\"target\":[\"https:\/\/bcg45.fr\/index.php\/2021\/09\/24\/assemblee-generale-2021\/\"]}]},{\"@type\":\"BreadcrumbList\",\"@id\":\"https:\/\/bcg45.fr\/index.php\/2021\/09\/24\/assemblee-generale-2021\/#breadcrumb\",\"itemListElement\":[{\"@type\":\"ListItem\",\"position\":1,\"name\":\"Accueil\",\"item\":\"https:\/\/bcg45.fr\/\"},{\"@type\":\"ListItem\",\"position\":2,\"name\":\"Assembl\u00e9e G\u00e9n\u00e9rale 2021\"}]},{\"@type\":\"WebSite\",\"@id\":\"https:\/\/bcg45.fr\/#website\",\"url\":\"https:\/\/bcg45.fr\/\",\"name\":\"Badminton Club de Gien\",\"description\":\"Badminton Club de Gien\",\"potentialAction\":[{\"@type\":\"SearchAction\",\"target\":{\"@type\":\"EntryPoint\",\"urlTemplate\":\"https:\/\/bcg45.fr\/?s={search_term_string}\"},\"query-input\":{\"@type\":\"PropertyValueSpecification\",\"valueRequired\":true,\"valueName\":\"search_term_string\"}}],\"inLanguage\":\"fr-FR\"},{\"@type\":\"Person\",\"@id\":\"https:\/\/bcg45.fr\/#\/schema\/person\/44555427722a19f609dbf7c28d971165\",\"name\":\"admin\",\"image\":{\"@type\":\"ImageObject\",\"inLanguage\":\"fr-FR\",\"@id\":\"https:\/\/bcg45.fr\/#\/schema\/person\/image\/\",\"url\":\"https:\/\/secure.gravatar.com\/avatar\/6697972b6a8f6aa4df538eaaf7c6fec36756c7071972918441fb4a265cbd3858?s=96&d=mm&r=g\",\"contentUrl\":\"https:\/\/secure.gravatar.com\/avatar\/6697972b6a8f6aa4df538eaaf7c6fec36756c7071972918441fb4a265cbd3858?s=96&d=mm&r=g\",\"caption\":\"admin\"},\"url\":\"https:\/\/bcg45.fr\/index.php\/author\/admin\/\"}]}<\/script>\n<!-- \/ Yoast SEO plugin. -->","yoast_head_json":{"title":"Assembl\u00e9e G\u00e9n\u00e9rale 2021 - Badminton Club de Gien","robots":{"index":"noindex","follow":"follow"},"og_locale":"fr_FR","og_type":"article","og_title":"Assembl\u00e9e G\u00e9n\u00e9rale 2021 - Badminton Club de Gien","og_description":"Vous \u00eates cordialement invit\u00e9s \u00e0 l\u2019Assembl\u00e9e G\u00e9n\u00e9rale qui se d\u00e9roulera \u00e0 au gymnase Marguerite Audoux \u00e0 Gien, le : Vendredi 01 Octobre 2021 \u00e0 19h00 C\u2019est un moment tr\u00e8s important [&hellip;]","og_url":"https:\/\/bcg45.fr\/index.php\/2021\/09\/24\/assemblee-generale-2021\/","og_site_name":"Badminton Club de Gien","article_published_time":"2021-09-24T08:55:24+00:00","article_modified_time":"2021-09-24T08:55:31+00:00","author":"admin","twitter_card":"summary_large_image","twitter_misc":{"\u00c9crit par":"admin","Dur\u00e9e de lecture estim\u00e9e":"1 minute"},"schema":{"@context":"https:\/\/schema.org","@graph":[{"@type":"WebPage","@id":"https:\/\/bcg45.fr\/index.php\/2021\/09\/24\/assemblee-generale-2021\/","url":"https:\/\/bcg45.fr\/index.php\/2021\/09\/24\/assemblee-generale-2021\/","name":"Assembl\u00e9e G\u00e9n\u00e9rale 2021 - Badminton Club de Gien","isPartOf":{"@id":"https:\/\/bcg45.fr\/#website"},"datePublished":"2021-09-24T08:55:24+00:00","dateModified":"2021-09-24T08:55:31+00:00","author":{"@id":"https:\/\/bcg45.fr\/#\/schema\/person\/44555427722a19f609dbf7c28d971165"},"breadcrumb":{"@id":"https:\/\/bcg45.fr\/index.php\/2021\/09\/24\/assemblee-generale-2021\/#breadcrumb"},"inLanguage":"fr-FR","potentialAction":[{"@type":"ReadAction","target":["https:\/\/bcg45.fr\/index.php\/2021\/09\/24\/assemblee-generale-2021\/"]}]},{"@type":"BreadcrumbList","@id":"https:\/\/bcg45.fr\/index.php\/2021\/09\/24\/assemblee-generale-2021\/#breadcrumb","itemListElement":[{"@type":"ListItem","position":1,"name":"Accueil","item":"https:\/\/bcg45.fr\/"},{"@type":"ListItem","position":2,"name":"Assembl\u00e9e G\u00e9n\u00e9rale 2021"}]},{"@type":"WebSite","@id":"https:\/\/bcg45.fr\/#website","url":"https:\/\/bcg45.fr\/","name":"Badminton Club de Gien","description":"Badminton Club de Gien","potentialAction":[{"@type":"SearchAction","target":{"@type":"EntryPoint","urlTemplate":"https:\/\/bcg45.fr\/?s={search_term_string}"},"query-input":{"@type":"PropertyValueSpecification","valueRequired":true,"valueName":"search_term_string"}}],"inLanguage":"fr-FR"},{"@type":"Person","@id":"https:\/\/bcg45.fr\/#\/schema\/person\/44555427722a19f609dbf7c28d971165","name":"admin","image":{"@type":"ImageObject","inLanguage":"fr-FR","@id":"https:\/\/bcg45.fr\/#\/schema\/person\/image\/","url":"https:\/\/secure.gravatar.com\/avatar\/6697972b6a8f6aa4df538eaaf7c6fec36756c7071972918441fb4a265cbd3858?s=96&d=mm&r=g","contentUrl":"https:\/\/secure.gravatar.com\/avatar\/6697972b6a8f6aa4df538eaaf7c6fec36756c7071972918441fb4a265cbd3858?s=96&d=mm&r=g","caption":"admin"},"url":"https:\/\/bcg45.fr\/index.php\/author\/admin\/"}]}},"jetpack_publicize_connections":[],"jetpack_featured_media_url":"","jetpack_sharing_enabled":true,"jetpack_shortlink":"https:\/\/wp.me\/p74KfZ-UF","_links":{"self":[{"href":"https:\/\/bcg45.fr\/index.php\/wp-json\/wp\/v2\/posts\/3513","targetHints":{"allow":["GET"]}}],"collection":[{"href":"https:\/\/bcg45.fr\/index.php\/wp-json\/wp\/v2\/posts"}],"about":[{"href":"https:\/\/bcg45.fr\/index.php\/wp-json\/wp\/v2\/types\/post"}],"author":[{"embeddable":true,"href":"https:\/\/bcg45.fr\/index.php\/wp-json\/wp\/v2\/users\/1"}],"replies":[{"embeddable":true,"href":"https:\/\/bcg45.fr\/index.php\/wp-json\/wp\/v2\/comments?post=3513"}],"version-history":[{"count":2,"href":"https:\/\/bcg45.fr\/index.php\/wp-json\/wp\/v2\/posts\/3513\/revisions"}],"predecessor-version":[{"id":3516,"href":"https:\/\/bcg45.fr\/index.php\/wp-json\/wp\/v2\/posts\/3513\/revisions\/3516"}],"wp:attachment":[{"href":"https:\/\/bcg45.fr\/index.php\/wp-json\/wp\/v2\/media?parent=3513"}],"wp:term":[{"taxonomy":"category","embeddable":true,"href":"https:\/\/bcg45.fr\/index.php\/wp-json\/wp\/v2\/categories?post=3513"},{"taxonomy":"post_tag","embeddable":true,"href":"https:\/\/bcg45.fr\/index.php\/wp-json\/wp\/v2\/tags?post=3513"}],"curies":[{"name":"wp","href":"https:\/\/api.w.org\/{rel}","templated":true}]}}