{"id":4204,"date":"2023-08-21T17:10:00","date_gmt":"2023-08-21T16:10:00","guid":{"rendered":"https:\/\/bcg45.fr\/?p=4204"},"modified":"2023-08-21T17:10:03","modified_gmt":"2023-08-21T16:10:03","slug":"creneaux-pour-la-rentree-2023-2024","status":"publish","type":"post","link":"https:\/\/bcg45.fr\/index.php\/2023\/08\/21\/creneaux-pour-la-rentree-2023-2024\/","title":{"rendered":"Cr\u00e9neaux pour la rentr\u00e9e 2023\/2024"},"content":{"rendered":"\n<figure class=\"wp-block-image size-large is-resized\"><a href=\"https:\/\/bcg45.fr\/wp-content\/uploads\/2023\/08\/image.png\"><img loading=\"lazy\" decoding=\"async\" src=\"https:\/\/bcg45.fr\/wp-content\/uploads\/2023\/08\/image-1024x732.png\" alt=\"\" class=\"wp-image-4205\" style=\"width:842px;height:602px\" width=\"842\" height=\"602\" srcset=\"https:\/\/bcg45.fr\/wp-content\/uploads\/2023\/08\/image-1024x732.png 1024w, https:\/\/bcg45.fr\/wp-content\/uploads\/2023\/08\/image-300x215.png 300w, https:\/\/bcg45.fr\/wp-content\/uploads\/2023\/08\/image-768x549.png 768w, https:\/\/bcg45.fr\/wp-content\/uploads\/2023\/08\/image.png 1152w\" sizes=\"auto, (max-width: 842px) 100vw, 842px\" \/><\/a><\/figure>\n\n\n\n<figure class=\"wp-block-image size-large\"><a href=\"https:\/\/bcg45.fr\/wp-content\/uploads\/2023\/08\/image-1.png\"><img loading=\"lazy\" decoding=\"async\" width=\"1024\" height=\"679\" src=\"https:\/\/bcg45.fr\/wp-content\/uploads\/2023\/08\/image-1-1024x679.png\" alt=\"\" class=\"wp-image-4206\" srcset=\"https:\/\/bcg45.fr\/wp-content\/uploads\/2023\/08\/image-1-1024x679.png 1024w, https:\/\/bcg45.fr\/wp-content\/uploads\/2023\/08\/image-1-300x199.png 300w, https:\/\/bcg45.fr\/wp-content\/uploads\/2023\/08\/image-1-768x509.png 768w, https:\/\/bcg45.fr\/wp-content\/uploads\/2023\/08\/image-1.png 1169w\" sizes=\"auto, (max-width: 1024px) 100vw, 1024px\" \/><\/a><\/figure>\n","protected":false},"excerpt":{"rendered":"","protected":false},"author":21,"featured_media":0,"comment_status":"open","ping_status":"open","sticky":false,"template":"","format":"standard","meta":{"ngg_post_thumbnail":0,"jetpack_post_was_ever_published":false,"_jetpack_newsletter_access":"","_jetpack_dont_email_post_to_subs":false,"_jetpack_newsletter_tier_id":0,"_jetpack_memberships_contains_paywalled_content":false,"_jetpack_memberships_contains_paid_content":false,"footnotes":"","jetpack_publicize_message":"","jetpack_publicize_feature_enabled":true,"jetpack_social_post_already_shared":true,"jetpack_social_options":{"image_generator_settings":{"template":"highway","default_image_id":0,"font":"","enabled":false},"version":2}},"categories":[1],"tags":[],"class_list":{"0":"post-4204","1":"post","2":"type-post","3":"status-publish","4":"format-standard","6":"category-non-classe","7":"czr-hentry"},"yoast_head":"<!-- This site is optimized with the Yoast SEO plugin v26.6 - https:\/\/yoast.com\/wordpress\/plugins\/seo\/ -->\n<title>Cr\u00e9neaux pour la rentr\u00e9e 2023\/2024 - Badminton Club de Gien<\/title>\n<meta name=\"robots\" content=\"noindex, follow\" \/>\n<meta property=\"og:locale\" content=\"fr_FR\" \/>\n<meta property=\"og:type\" content=\"article\" \/>\n<meta property=\"og:title\" content=\"Cr\u00e9neaux pour la rentr\u00e9e 2023\/2024 - Badminton Club de Gien\" \/>\n<meta property=\"og:url\" content=\"https:\/\/bcg45.fr\/index.php\/2023\/08\/21\/creneaux-pour-la-rentree-2023-2024\/\" \/>\n<meta property=\"og:site_name\" content=\"Badminton Club de Gien\" \/>\n<meta property=\"article:published_time\" content=\"2023-08-21T16:10:00+00:00\" \/>\n<meta property=\"article:modified_time\" content=\"2023-08-21T16:10:03+00:00\" \/>\n<meta property=\"og:image\" content=\"https:\/\/bcg45.fr\/wp-content\/uploads\/2023\/08\/image-1024x732.png\" \/>\n<meta name=\"author\" content=\"Seb\" \/>\n<meta name=\"twitter:card\" content=\"summary_large_image\" \/>\n<meta name=\"twitter:label1\" content=\"\u00c9crit par\" \/>\n\t<meta name=\"twitter:data1\" content=\"Seb\" \/>\n\t<meta name=\"twitter:label2\" content=\"Dur\u00e9e de lecture estim\u00e9e\" \/>\n\t<meta name=\"twitter:data2\" content=\"1 minute\" \/>\n<script type=\"application\/ld+json\" class=\"yoast-schema-graph\">{\"@context\":\"https:\/\/schema.org\",\"@graph\":[{\"@type\":\"WebPage\",\"@id\":\"https:\/\/bcg45.fr\/index.php\/2023\/08\/21\/creneaux-pour-la-rentree-2023-2024\/\",\"url\":\"https:\/\/bcg45.fr\/index.php\/2023\/08\/21\/creneaux-pour-la-rentree-2023-2024\/\",\"name\":\"Cr\u00e9neaux pour la rentr\u00e9e 2023\/2024 - Badminton Club de Gien\",\"isPartOf\":{\"@id\":\"https:\/\/bcg45.fr\/#website\"},\"primaryImageOfPage\":{\"@id\":\"https:\/\/bcg45.fr\/index.php\/2023\/08\/21\/creneaux-pour-la-rentree-2023-2024\/#primaryimage\"},\"image\":{\"@id\":\"https:\/\/bcg45.fr\/index.php\/2023\/08\/21\/creneaux-pour-la-rentree-2023-2024\/#primaryimage\"},\"thumbnailUrl\":\"https:\/\/bcg45.fr\/wp-content\/uploads\/2023\/08\/image-1024x732.png\",\"datePublished\":\"2023-08-21T16:10:00+00:00\",\"dateModified\":\"2023-08-21T16:10:03+00:00\",\"author\":{\"@id\":\"https:\/\/bcg45.fr\/#\/schema\/person\/2119dc33367efae4356a6297aca2be63\"},\"breadcrumb\":{\"@id\":\"https:\/\/bcg45.fr\/index.php\/2023\/08\/21\/creneaux-pour-la-rentree-2023-2024\/#breadcrumb\"},\"inLanguage\":\"fr-FR\",\"potentialAction\":[{\"@type\":\"ReadAction\",\"target\":[\"https:\/\/bcg45.fr\/index.php\/2023\/08\/21\/creneaux-pour-la-rentree-2023-2024\/\"]}]},{\"@type\":\"ImageObject\",\"inLanguage\":\"fr-FR\",\"@id\":\"https:\/\/bcg45.fr\/index.php\/2023\/08\/21\/creneaux-pour-la-rentree-2023-2024\/#primaryimage\",\"url\":\"https:\/\/bcg45.fr\/wp-content\/uploads\/2023\/08\/image.png\",\"contentUrl\":\"https:\/\/bcg45.fr\/wp-content\/uploads\/2023\/08\/image.png\",\"width\":1152,\"height\":824},{\"@type\":\"BreadcrumbList\",\"@id\":\"https:\/\/bcg45.fr\/index.php\/2023\/08\/21\/creneaux-pour-la-rentree-2023-2024\/#breadcrumb\",\"itemListElement\":[{\"@type\":\"ListItem\",\"position\":1,\"name\":\"Accueil\",\"item\":\"https:\/\/bcg45.fr\/\"},{\"@type\":\"ListItem\",\"position\":2,\"name\":\"Cr\u00e9neaux pour la rentr\u00e9e 2023\/2024\"}]},{\"@type\":\"WebSite\",\"@id\":\"https:\/\/bcg45.fr\/#website\",\"url\":\"https:\/\/bcg45.fr\/\",\"name\":\"Badminton Club de Gien\",\"description\":\"Badminton Club de Gien\",\"potentialAction\":[{\"@type\":\"SearchAction\",\"target\":{\"@type\":\"EntryPoint\",\"urlTemplate\":\"https:\/\/bcg45.fr\/?s={search_term_string}\"},\"query-input\":{\"@type\":\"PropertyValueSpecification\",\"valueRequired\":true,\"valueName\":\"search_term_string\"}}],\"inLanguage\":\"fr-FR\"},{\"@type\":\"Person\",\"@id\":\"https:\/\/bcg45.fr\/#\/schema\/person\/2119dc33367efae4356a6297aca2be63\",\"name\":\"Seb\",\"image\":{\"@type\":\"ImageObject\",\"inLanguage\":\"fr-FR\",\"@id\":\"https:\/\/bcg45.fr\/#\/schema\/person\/image\/\",\"url\":\"https:\/\/secure.gravatar.com\/avatar\/c71dbf25e11762ff37d7fb7f6d0ea530f04760cb0e4cf309bf235e6c8d4f401a?s=96&d=mm&r=g\",\"contentUrl\":\"https:\/\/secure.gravatar.com\/avatar\/c71dbf25e11762ff37d7fb7f6d0ea530f04760cb0e4cf309bf235e6c8d4f401a?s=96&d=mm&r=g\",\"caption\":\"Seb\"},\"url\":\"https:\/\/bcg45.fr\/index.php\/author\/seb\/\"}]}<\/script>\n<!-- \/ Yoast SEO plugin. -->","yoast_head_json":{"title":"Cr\u00e9neaux pour la rentr\u00e9e 2023\/2024 - Badminton Club de Gien","robots":{"index":"noindex","follow":"follow"},"og_locale":"fr_FR","og_type":"article","og_title":"Cr\u00e9neaux pour la rentr\u00e9e 2023\/2024 - Badminton Club de Gien","og_url":"https:\/\/bcg45.fr\/index.php\/2023\/08\/21\/creneaux-pour-la-rentree-2023-2024\/","og_site_name":"Badminton Club de Gien","article_published_time":"2023-08-21T16:10:00+00:00","article_modified_time":"2023-08-21T16:10:03+00:00","og_image":[{"url":"https:\/\/bcg45.fr\/wp-content\/uploads\/2023\/08\/image-1024x732.png","type":"","width":"","height":""}],"author":"Seb","twitter_card":"summary_large_image","twitter_misc":{"\u00c9crit par":"Seb","Dur\u00e9e de lecture estim\u00e9e":"1 minute"},"schema":{"@context":"https:\/\/schema.org","@graph":[{"@type":"WebPage","@id":"https:\/\/bcg45.fr\/index.php\/2023\/08\/21\/creneaux-pour-la-rentree-2023-2024\/","url":"https:\/\/bcg45.fr\/index.php\/2023\/08\/21\/creneaux-pour-la-rentree-2023-2024\/","name":"Cr\u00e9neaux pour la rentr\u00e9e 2023\/2024 - Badminton Club de Gien","isPartOf":{"@id":"https:\/\/bcg45.fr\/#website"},"primaryImageOfPage":{"@id":"https:\/\/bcg45.fr\/index.php\/2023\/08\/21\/creneaux-pour-la-rentree-2023-2024\/#primaryimage"},"image":{"@id":"https:\/\/bcg45.fr\/index.php\/2023\/08\/21\/creneaux-pour-la-rentree-2023-2024\/#primaryimage"},"thumbnailUrl":"https:\/\/bcg45.fr\/wp-content\/uploads\/2023\/08\/image-1024x732.png","datePublished":"2023-08-21T16:10:00+00:00","dateModified":"2023-08-21T16:10:03+00:00","author":{"@id":"https:\/\/bcg45.fr\/#\/schema\/person\/2119dc33367efae4356a6297aca2be63"},"breadcrumb":{"@id":"https:\/\/bcg45.fr\/index.php\/2023\/08\/21\/creneaux-pour-la-rentree-2023-2024\/#breadcrumb"},"inLanguage":"fr-FR","potentialAction":[{"@type":"ReadAction","target":["https:\/\/bcg45.fr\/index.php\/2023\/08\/21\/creneaux-pour-la-rentree-2023-2024\/"]}]},{"@type":"ImageObject","inLanguage":"fr-FR","@id":"https:\/\/bcg45.fr\/index.php\/2023\/08\/21\/creneaux-pour-la-rentree-2023-2024\/#primaryimage","url":"https:\/\/bcg45.fr\/wp-content\/uploads\/2023\/08\/image.png","contentUrl":"https:\/\/bcg45.fr\/wp-content\/uploads\/2023\/08\/image.png","width":1152,"height":824},{"@type":"BreadcrumbList","@id":"https:\/\/bcg45.fr\/index.php\/2023\/08\/21\/creneaux-pour-la-rentree-2023-2024\/#breadcrumb","itemListElement":[{"@type":"ListItem","position":1,"name":"Accueil","item":"https:\/\/bcg45.fr\/"},{"@type":"ListItem","position":2,"name":"Cr\u00e9neaux pour la rentr\u00e9e 2023\/2024"}]},{"@type":"WebSite","@id":"https:\/\/bcg45.fr\/#website","url":"https:\/\/bcg45.fr\/","name":"Badminton Club de Gien","description":"Badminton Club de Gien","potentialAction":[{"@type":"SearchAction","target":{"@type":"EntryPoint","urlTemplate":"https:\/\/bcg45.fr\/?s={search_term_string}"},"query-input":{"@type":"PropertyValueSpecification","valueRequired":true,"valueName":"search_term_string"}}],"inLanguage":"fr-FR"},{"@type":"Person","@id":"https:\/\/bcg45.fr\/#\/schema\/person\/2119dc33367efae4356a6297aca2be63","name":"Seb","image":{"@type":"ImageObject","inLanguage":"fr-FR","@id":"https:\/\/bcg45.fr\/#\/schema\/person\/image\/","url":"https:\/\/secure.gravatar.com\/avatar\/c71dbf25e11762ff37d7fb7f6d0ea530f04760cb0e4cf309bf235e6c8d4f401a?s=96&d=mm&r=g","contentUrl":"https:\/\/secure.gravatar.com\/avatar\/c71dbf25e11762ff37d7fb7f6d0ea530f04760cb0e4cf309bf235e6c8d4f401a?s=96&d=mm&r=g","caption":"Seb"},"url":"https:\/\/bcg45.fr\/index.php\/author\/seb\/"}]}},"jetpack_publicize_connections":[],"jetpack_featured_media_url":"","jetpack_sharing_enabled":true,"jetpack_shortlink":"https:\/\/wp.me\/p74KfZ-15O","_links":{"self":[{"href":"https:\/\/bcg45.fr\/index.php\/wp-json\/wp\/v2\/posts\/4204","targetHints":{"allow":["GET"]}}],"collection":[{"href":"https:\/\/bcg45.fr\/index.php\/wp-json\/wp\/v2\/posts"}],"about":[{"href":"https:\/\/bcg45.fr\/index.php\/wp-json\/wp\/v2\/types\/post"}],"author":[{"embeddable":true,"href":"https:\/\/bcg45.fr\/index.php\/wp-json\/wp\/v2\/users\/21"}],"replies":[{"embeddable":true,"href":"https:\/\/bcg45.fr\/index.php\/wp-json\/wp\/v2\/comments?post=4204"}],"version-history":[{"count":1,"href":"https:\/\/bcg45.fr\/index.php\/wp-json\/wp\/v2\/posts\/4204\/revisions"}],"predecessor-version":[{"id":4207,"href":"https:\/\/bcg45.fr\/index.php\/wp-json\/wp\/v2\/posts\/4204\/revisions\/4207"}],"wp:attachment":[{"href":"https:\/\/bcg45.fr\/index.php\/wp-json\/wp\/v2\/media?parent=4204"}],"wp:term":[{"taxonomy":"category","embeddable":true,"href":"https:\/\/bcg45.fr\/index.php\/wp-json\/wp\/v2\/categories?post=4204"},{"taxonomy":"post_tag","embeddable":true,"href":"https:\/\/bcg45.fr\/index.php\/wp-json\/wp\/v2\/tags?post=4204"}],"curies":[{"name":"wp","href":"https:\/\/api.w.org\/{rel}","templated":true}]}}