{"id":5028,"date":"2024-12-03T14:17:25","date_gmt":"2024-12-03T13:17:25","guid":{"rendered":"https:\/\/bcg45.fr\/?p=5028"},"modified":"2024-12-28T14:50:00","modified_gmt":"2024-12-28T13:50:00","slug":"championnats-de-france-para-badminton-2025","status":"publish","type":"post","link":"https:\/\/bcg45.fr\/index.php\/2024\/12\/03\/championnats-de-france-para-badminton-2025\/","title":{"rendered":"CHAMPIONNATS DE FRANCE PARA-BADMINTON 2025"},"content":{"rendered":"\n<p>Le Badminton Club de Gien est tr\u00e8s heureux d&rsquo;\u00eatre l&rsquo;organisateur des Championnats de France de Para-Badminton qui se d\u00e9rouleront \u00e0 la salle Cuiry les 10-11-12 janvier 2025.<\/p>\n\n\n\n<p>Un rendez-vous sportif \u00e0 ne pas manquer !<\/p>\n\n\n\n<p class=\"has-text-align-center\"><strong>UN COMP\u00c9TITEUR ET PARRAIN EXCEPTIONNEL \u00c0 NOS C\u00d4T\u00c9S : <\/strong><\/p>\n\n\n\n<p class=\"has-text-align-center\"><strong>CHARLES NOAKES, CHAMPION PARALYMPIQUE DES JEUX DE PARIS 2024.<\/strong><\/p>\n\n\n\n<div class=\"wp-block-jetpack-slideshow aligncenter\" data-effect=\"slide\"><div class=\"wp-block-jetpack-slideshow_container swiper-container\"><ul class=\"wp-block-jetpack-slideshow_swiper-wrapper swiper-wrapper\"><li class=\"wp-block-jetpack-slideshow_slide swiper-slide\"><figure><img loading=\"lazy\" decoding=\"async\" width=\"1000\" height=\"705\" alt=\"\" class=\"wp-block-jetpack-slideshow_image wp-image-5038\" data-id=\"5038\" src=\"https:\/\/bcg45.fr\/wp-content\/uploads\/2024\/12\/60a0ba_87d990a54d7c4549a12a2b26a688ffa3mv2-1.webp\" srcset=\"https:\/\/bcg45.fr\/wp-content\/uploads\/2024\/12\/60a0ba_87d990a54d7c4549a12a2b26a688ffa3mv2-1.webp 1000w, https:\/\/bcg45.fr\/wp-content\/uploads\/2024\/12\/60a0ba_87d990a54d7c4549a12a2b26a688ffa3mv2-1-300x212.webp 300w, https:\/\/bcg45.fr\/wp-content\/uploads\/2024\/12\/60a0ba_87d990a54d7c4549a12a2b26a688ffa3mv2-1-768x541.webp 768w\" sizes=\"(max-width: 1000px) 100vw, 1000px\" \/><\/figure><\/li><li class=\"wp-block-jetpack-slideshow_slide swiper-slide\"><figure><img loading=\"lazy\" decoding=\"async\" width=\"1000\" height=\"667\" alt=\"\" class=\"wp-block-jetpack-slideshow_image wp-image-5039\" data-id=\"5039\" src=\"https:\/\/bcg45.fr\/wp-content\/uploads\/2024\/12\/b_20240902_2257_ParalympicGames2024_BPAS1527-1.jpg\" srcset=\"https:\/\/bcg45.fr\/wp-content\/uploads\/2024\/12\/b_20240902_2257_ParalympicGames2024_BPAS1527-1.jpg 1000w, https:\/\/bcg45.fr\/wp-content\/uploads\/2024\/12\/b_20240902_2257_ParalympicGames2024_BPAS1527-1-300x200.jpg 300w, https:\/\/bcg45.fr\/wp-content\/uploads\/2024\/12\/b_20240902_2257_ParalympicGames2024_BPAS1527-1-768x512.jpg 768w\" sizes=\"(max-width: 1000px) 100vw, 1000px\" \/><\/figure><\/li><li class=\"wp-block-jetpack-slideshow_slide swiper-slide\"><figure><img loading=\"lazy\" decoding=\"async\" width=\"800\" height=\"1000\" alt=\"\" class=\"wp-block-jetpack-slideshow_image wp-image-5041\" data-id=\"5041\" src=\"https:\/\/bcg45.fr\/wp-content\/uploads\/2024\/12\/b_20240902_2329_ParalympicGames2024_BPLN1153-1.jpg\" srcset=\"https:\/\/bcg45.fr\/wp-content\/uploads\/2024\/12\/b_20240902_2329_ParalympicGames2024_BPLN1153-1.jpg 800w, https:\/\/bcg45.fr\/wp-content\/uploads\/2024\/12\/b_20240902_2329_ParalympicGames2024_BPLN1153-1-240x300.jpg 240w, https:\/\/bcg45.fr\/wp-content\/uploads\/2024\/12\/b_20240902_2329_ParalympicGames2024_BPLN1153-1-768x960.jpg 768w\" sizes=\"(max-width: 800px) 100vw, 800px\" \/><\/figure><\/li><li class=\"wp-block-jetpack-slideshow_slide swiper-slide\"><figure><img loading=\"lazy\" decoding=\"async\" width=\"724\" height=\"1024\" alt=\"\" class=\"wp-block-jetpack-slideshow_image wp-image-5051\" data-id=\"5051\" src=\"https:\/\/bcg45.fr\/wp-content\/uploads\/2024\/12\/Affiche-ParaBad2025V5Suggere-724x1024.png\" srcset=\"https:\/\/bcg45.fr\/wp-content\/uploads\/2024\/12\/Affiche-ParaBad2025V5Suggere-724x1024.png 724w, https:\/\/bcg45.fr\/wp-content\/uploads\/2024\/12\/Affiche-ParaBad2025V5Suggere-212x300.png 212w, https:\/\/bcg45.fr\/wp-content\/uploads\/2024\/12\/Affiche-ParaBad2025V5Suggere-768x1086.png 768w, https:\/\/bcg45.fr\/wp-content\/uploads\/2024\/12\/Affiche-ParaBad2025V5Suggere-1086x1536.png 1086w, https:\/\/bcg45.fr\/wp-content\/uploads\/2024\/12\/Affiche-ParaBad2025V5Suggere.png 1414w\" sizes=\"(max-width: 724px) 100vw, 724px\" \/><\/figure><\/li><\/ul><a class=\"wp-block-jetpack-slideshow_button-prev swiper-button-prev swiper-button-white\" role=\"button\"><\/a><a class=\"wp-block-jetpack-slideshow_button-next swiper-button-next swiper-button-white\" role=\"button\"><\/a><a aria-label=\"Pause Slideshow\" class=\"wp-block-jetpack-slideshow_button-pause\" role=\"button\"><\/a><div class=\"wp-block-jetpack-slideshow_pagination swiper-pagination swiper-pagination-white\"><\/div><\/div><\/div>\n","protected":false},"excerpt":{"rendered":"<p>Le Badminton Club de Gien est tr\u00e8s heureux d&rsquo;\u00eatre l&rsquo;organisateur des Championnats de France de Para-Badminton qui se d\u00e9rouleront \u00e0 la salle Cuiry les 10-11-12 janvier 2025. Un rendez-vous sportif [&hellip;]<\/p>\n","protected":false},"author":19,"featured_media":0,"comment_status":"closed","ping_status":"open","sticky":false,"template":"","format":"standard","meta":{"ngg_post_thumbnail":0,"jetpack_post_was_ever_published":false,"_jetpack_newsletter_access":"","_jetpack_dont_email_post_to_subs":false,"_jetpack_newsletter_tier_id":0,"_jetpack_memberships_contains_paywalled_content":false,"_jetpack_memberships_contains_paid_content":false,"footnotes":"","jetpack_publicize_message":"","jetpack_publicize_feature_enabled":true,"jetpack_social_post_already_shared":true,"jetpack_social_options":{"image_generator_settings":{"template":"highway","default_image_id":0,"font":"","enabled":false},"version":2}},"categories":[1],"tags":[],"class_list":{"0":"post-5028","1":"post","2":"type-post","3":"status-publish","4":"format-standard","6":"category-non-classe","7":"czr-hentry"},"yoast_head":"<!-- This site is optimized with the Yoast SEO plugin v26.6 - https:\/\/yoast.com\/wordpress\/plugins\/seo\/ -->\n<title>CHAMPIONNATS DE FRANCE PARA-BADMINTON 2025 - Badminton Club de Gien<\/title>\n<meta name=\"robots\" content=\"noindex, follow\" \/>\n<meta property=\"og:locale\" content=\"fr_FR\" \/>\n<meta property=\"og:type\" content=\"article\" \/>\n<meta property=\"og:title\" content=\"CHAMPIONNATS DE FRANCE PARA-BADMINTON 2025 - Badminton Club de Gien\" \/>\n<meta property=\"og:description\" content=\"Le Badminton Club de Gien est tr\u00e8s heureux d&rsquo;\u00eatre l&rsquo;organisateur des Championnats de France de Para-Badminton qui se d\u00e9rouleront \u00e0 la salle Cuiry les 10-11-12 janvier 2025. Un rendez-vous sportif [&hellip;]\" \/>\n<meta property=\"og:url\" content=\"https:\/\/bcg45.fr\/index.php\/2024\/12\/03\/championnats-de-france-para-badminton-2025\/\" \/>\n<meta property=\"og:site_name\" content=\"Badminton Club de Gien\" \/>\n<meta property=\"article:published_time\" content=\"2024-12-03T13:17:25+00:00\" \/>\n<meta property=\"article:modified_time\" content=\"2024-12-28T13:50:00+00:00\" \/>\n<meta property=\"og:image\" content=\"https:\/\/bcg45.fr\/wp-content\/uploads\/2024\/12\/60a0ba_87d990a54d7c4549a12a2b26a688ffa3mv2-1.webp\" \/>\n\t<meta property=\"og:image:width\" content=\"1000\" \/>\n\t<meta property=\"og:image:height\" content=\"705\" \/>\n\t<meta property=\"og:image:type\" content=\"image\/webp\" \/>\n<meta name=\"author\" content=\"AnneLaure\" \/>\n<meta name=\"twitter:card\" content=\"summary_large_image\" \/>\n<meta name=\"twitter:label1\" content=\"\u00c9crit par\" \/>\n\t<meta name=\"twitter:data1\" content=\"AnneLaure\" \/>\n\t<meta name=\"twitter:label2\" content=\"Dur\u00e9e de lecture estim\u00e9e\" \/>\n\t<meta name=\"twitter:data2\" content=\"2 minutes\" \/>\n<script type=\"application\/ld+json\" class=\"yoast-schema-graph\">{\"@context\":\"https:\/\/schema.org\",\"@graph\":[{\"@type\":\"WebPage\",\"@id\":\"https:\/\/bcg45.fr\/index.php\/2024\/12\/03\/championnats-de-france-para-badminton-2025\/\",\"url\":\"https:\/\/bcg45.fr\/index.php\/2024\/12\/03\/championnats-de-france-para-badminton-2025\/\",\"name\":\"CHAMPIONNATS DE FRANCE PARA-BADMINTON 2025 - Badminton Club de Gien\",\"isPartOf\":{\"@id\":\"https:\/\/bcg45.fr\/#website\"},\"primaryImageOfPage\":{\"@id\":\"https:\/\/bcg45.fr\/index.php\/2024\/12\/03\/championnats-de-france-para-badminton-2025\/#primaryimage\"},\"image\":{\"@id\":\"https:\/\/bcg45.fr\/index.php\/2024\/12\/03\/championnats-de-france-para-badminton-2025\/#primaryimage\"},\"thumbnailUrl\":\"https:\/\/bcg45.fr\/wp-content\/uploads\/2024\/12\/60a0ba_87d990a54d7c4549a12a2b26a688ffa3mv2-1.webp\",\"datePublished\":\"2024-12-03T13:17:25+00:00\",\"dateModified\":\"2024-12-28T13:50:00+00:00\",\"author\":{\"@id\":\"https:\/\/bcg45.fr\/#\/schema\/person\/24341ce84817c39fce300c1130e64937\"},\"breadcrumb\":{\"@id\":\"https:\/\/bcg45.fr\/index.php\/2024\/12\/03\/championnats-de-france-para-badminton-2025\/#breadcrumb\"},\"inLanguage\":\"fr-FR\",\"potentialAction\":[{\"@type\":\"ReadAction\",\"target\":[\"https:\/\/bcg45.fr\/index.php\/2024\/12\/03\/championnats-de-france-para-badminton-2025\/\"]}]},{\"@type\":\"ImageObject\",\"inLanguage\":\"fr-FR\",\"@id\":\"https:\/\/bcg45.fr\/index.php\/2024\/12\/03\/championnats-de-france-para-badminton-2025\/#primaryimage\",\"url\":\"https:\/\/bcg45.fr\/wp-content\/uploads\/2024\/12\/60a0ba_87d990a54d7c4549a12a2b26a688ffa3mv2-1.webp\",\"contentUrl\":\"https:\/\/bcg45.fr\/wp-content\/uploads\/2024\/12\/60a0ba_87d990a54d7c4549a12a2b26a688ffa3mv2-1.webp\",\"width\":1000,\"height\":705},{\"@type\":\"BreadcrumbList\",\"@id\":\"https:\/\/bcg45.fr\/index.php\/2024\/12\/03\/championnats-de-france-para-badminton-2025\/#breadcrumb\",\"itemListElement\":[{\"@type\":\"ListItem\",\"position\":1,\"name\":\"Accueil\",\"item\":\"https:\/\/bcg45.fr\/\"},{\"@type\":\"ListItem\",\"position\":2,\"name\":\"CHAMPIONNATS DE FRANCE PARA-BADMINTON 2025\"}]},{\"@type\":\"WebSite\",\"@id\":\"https:\/\/bcg45.fr\/#website\",\"url\":\"https:\/\/bcg45.fr\/\",\"name\":\"Badminton Club de Gien\",\"description\":\"Badminton Club de Gien\",\"potentialAction\":[{\"@type\":\"SearchAction\",\"target\":{\"@type\":\"EntryPoint\",\"urlTemplate\":\"https:\/\/bcg45.fr\/?s={search_term_string}\"},\"query-input\":{\"@type\":\"PropertyValueSpecification\",\"valueRequired\":true,\"valueName\":\"search_term_string\"}}],\"inLanguage\":\"fr-FR\"},{\"@type\":\"Person\",\"@id\":\"https:\/\/bcg45.fr\/#\/schema\/person\/24341ce84817c39fce300c1130e64937\",\"name\":\"AnneLaure\",\"image\":{\"@type\":\"ImageObject\",\"inLanguage\":\"fr-FR\",\"@id\":\"https:\/\/bcg45.fr\/#\/schema\/person\/image\/\",\"url\":\"https:\/\/secure.gravatar.com\/avatar\/75144ee372578b4e2afc7f8eb333b190a9c9b7c5d8da024e67b21dd37f098369?s=96&d=mm&r=g\",\"contentUrl\":\"https:\/\/secure.gravatar.com\/avatar\/75144ee372578b4e2afc7f8eb333b190a9c9b7c5d8da024e67b21dd37f098369?s=96&d=mm&r=g\",\"caption\":\"AnneLaure\"},\"url\":\"https:\/\/bcg45.fr\/index.php\/author\/annelaure\/\"}]}<\/script>\n<!-- \/ Yoast SEO plugin. -->","yoast_head_json":{"title":"CHAMPIONNATS DE FRANCE PARA-BADMINTON 2025 - Badminton Club de Gien","robots":{"index":"noindex","follow":"follow"},"og_locale":"fr_FR","og_type":"article","og_title":"CHAMPIONNATS DE FRANCE PARA-BADMINTON 2025 - Badminton Club de Gien","og_description":"Le Badminton Club de Gien est tr\u00e8s heureux d&rsquo;\u00eatre l&rsquo;organisateur des Championnats de France de Para-Badminton qui se d\u00e9rouleront \u00e0 la salle Cuiry les 10-11-12 janvier 2025. Un rendez-vous sportif [&hellip;]","og_url":"https:\/\/bcg45.fr\/index.php\/2024\/12\/03\/championnats-de-france-para-badminton-2025\/","og_site_name":"Badminton Club de Gien","article_published_time":"2024-12-03T13:17:25+00:00","article_modified_time":"2024-12-28T13:50:00+00:00","og_image":[{"width":1000,"height":705,"url":"https:\/\/bcg45.fr\/wp-content\/uploads\/2024\/12\/60a0ba_87d990a54d7c4549a12a2b26a688ffa3mv2-1.webp","type":"image\/webp"}],"author":"AnneLaure","twitter_card":"summary_large_image","twitter_misc":{"\u00c9crit par":"AnneLaure","Dur\u00e9e de lecture estim\u00e9e":"2 minutes"},"schema":{"@context":"https:\/\/schema.org","@graph":[{"@type":"WebPage","@id":"https:\/\/bcg45.fr\/index.php\/2024\/12\/03\/championnats-de-france-para-badminton-2025\/","url":"https:\/\/bcg45.fr\/index.php\/2024\/12\/03\/championnats-de-france-para-badminton-2025\/","name":"CHAMPIONNATS DE FRANCE PARA-BADMINTON 2025 - Badminton Club de Gien","isPartOf":{"@id":"https:\/\/bcg45.fr\/#website"},"primaryImageOfPage":{"@id":"https:\/\/bcg45.fr\/index.php\/2024\/12\/03\/championnats-de-france-para-badminton-2025\/#primaryimage"},"image":{"@id":"https:\/\/bcg45.fr\/index.php\/2024\/12\/03\/championnats-de-france-para-badminton-2025\/#primaryimage"},"thumbnailUrl":"https:\/\/bcg45.fr\/wp-content\/uploads\/2024\/12\/60a0ba_87d990a54d7c4549a12a2b26a688ffa3mv2-1.webp","datePublished":"2024-12-03T13:17:25+00:00","dateModified":"2024-12-28T13:50:00+00:00","author":{"@id":"https:\/\/bcg45.fr\/#\/schema\/person\/24341ce84817c39fce300c1130e64937"},"breadcrumb":{"@id":"https:\/\/bcg45.fr\/index.php\/2024\/12\/03\/championnats-de-france-para-badminton-2025\/#breadcrumb"},"inLanguage":"fr-FR","potentialAction":[{"@type":"ReadAction","target":["https:\/\/bcg45.fr\/index.php\/2024\/12\/03\/championnats-de-france-para-badminton-2025\/"]}]},{"@type":"ImageObject","inLanguage":"fr-FR","@id":"https:\/\/bcg45.fr\/index.php\/2024\/12\/03\/championnats-de-france-para-badminton-2025\/#primaryimage","url":"https:\/\/bcg45.fr\/wp-content\/uploads\/2024\/12\/60a0ba_87d990a54d7c4549a12a2b26a688ffa3mv2-1.webp","contentUrl":"https:\/\/bcg45.fr\/wp-content\/uploads\/2024\/12\/60a0ba_87d990a54d7c4549a12a2b26a688ffa3mv2-1.webp","width":1000,"height":705},{"@type":"BreadcrumbList","@id":"https:\/\/bcg45.fr\/index.php\/2024\/12\/03\/championnats-de-france-para-badminton-2025\/#breadcrumb","itemListElement":[{"@type":"ListItem","position":1,"name":"Accueil","item":"https:\/\/bcg45.fr\/"},{"@type":"ListItem","position":2,"name":"CHAMPIONNATS DE FRANCE PARA-BADMINTON 2025"}]},{"@type":"WebSite","@id":"https:\/\/bcg45.fr\/#website","url":"https:\/\/bcg45.fr\/","name":"Badminton Club de Gien","description":"Badminton Club de Gien","potentialAction":[{"@type":"SearchAction","target":{"@type":"EntryPoint","urlTemplate":"https:\/\/bcg45.fr\/?s={search_term_string}"},"query-input":{"@type":"PropertyValueSpecification","valueRequired":true,"valueName":"search_term_string"}}],"inLanguage":"fr-FR"},{"@type":"Person","@id":"https:\/\/bcg45.fr\/#\/schema\/person\/24341ce84817c39fce300c1130e64937","name":"AnneLaure","image":{"@type":"ImageObject","inLanguage":"fr-FR","@id":"https:\/\/bcg45.fr\/#\/schema\/person\/image\/","url":"https:\/\/secure.gravatar.com\/avatar\/75144ee372578b4e2afc7f8eb333b190a9c9b7c5d8da024e67b21dd37f098369?s=96&d=mm&r=g","contentUrl":"https:\/\/secure.gravatar.com\/avatar\/75144ee372578b4e2afc7f8eb333b190a9c9b7c5d8da024e67b21dd37f098369?s=96&d=mm&r=g","caption":"AnneLaure"},"url":"https:\/\/bcg45.fr\/index.php\/author\/annelaure\/"}]}},"jetpack_publicize_connections":[],"jetpack_featured_media_url":"","jetpack_sharing_enabled":true,"jetpack_shortlink":"https:\/\/wp.me\/p74KfZ-1j6","_links":{"self":[{"href":"https:\/\/bcg45.fr\/index.php\/wp-json\/wp\/v2\/posts\/5028","targetHints":{"allow":["GET"]}}],"collection":[{"href":"https:\/\/bcg45.fr\/index.php\/wp-json\/wp\/v2\/posts"}],"about":[{"href":"https:\/\/bcg45.fr\/index.php\/wp-json\/wp\/v2\/types\/post"}],"author":[{"embeddable":true,"href":"https:\/\/bcg45.fr\/index.php\/wp-json\/wp\/v2\/users\/19"}],"replies":[{"embeddable":true,"href":"https:\/\/bcg45.fr\/index.php\/wp-json\/wp\/v2\/comments?post=5028"}],"version-history":[{"count":6,"href":"https:\/\/bcg45.fr\/index.php\/wp-json\/wp\/v2\/posts\/5028\/revisions"}],"predecessor-version":[{"id":5053,"href":"https:\/\/bcg45.fr\/index.php\/wp-json\/wp\/v2\/posts\/5028\/revisions\/5053"}],"wp:attachment":[{"href":"https:\/\/bcg45.fr\/index.php\/wp-json\/wp\/v2\/media?parent=5028"}],"wp:term":[{"taxonomy":"category","embeddable":true,"href":"https:\/\/bcg45.fr\/index.php\/wp-json\/wp\/v2\/categories?post=5028"},{"taxonomy":"post_tag","embeddable":true,"href":"https:\/\/bcg45.fr\/index.php\/wp-json\/wp\/v2\/tags?post=5028"}],"curies":[{"name":"wp","href":"https:\/\/api.w.org\/{rel}","templated":true}]}}